{"id":695,"date":"2023-08-15T13:42:44","date_gmt":"2023-08-15T11:42:44","guid":{"rendered":"https:\/\/pasaenmendoza.com\/?p=695"},"modified":"2023-08-15T13:42:45","modified_gmt":"2023-08-15T11:42:45","slug":"quienes-son-los-cinco-mendocinos-mejor-posicionados-para-llegar-al-congreso","status":"publish","type":"post","link":"https:\/\/pasaenmendoza.com\/?p=695","title":{"rendered":"Qui\u00e9nes son los cinco mendocinos mejor posicionados para llegar al Congreso"},"content":{"rendered":"\n<p>El resultado de las PASO de este domingo dej\u00f3 una proyecci\u00f3n de c\u00f3mo ser\u00eda la distribuci\u00f3n de bancas de diputados nacionales en Mendoza. El arrastre de Javier Milei lograr\u00eda tres esca\u00f1os para La Libertad Avanza, mientras que los otros dos lugares se repartir\u00edan entre Cambia Mendoza y UxP.<\/p>\n\n\n\n<p>La aplastante victoria de\u00a0<strong>Javier Milei<\/strong>\u00a0en las PASO nacionales de este domingo tuvo un especial cap\u00edtulo en Mendoza, donde\u00a0<strong>La Libertad Avanza<\/strong>\u00a0arras\u00f3 en las urnas superando el 40% y aventajando a la segunda fuerza por m\u00e1s de 15 puntos. El espacio libertario se impuso ampliamente en la provincia en la categor\u00eda de diputados nacionales y de repetir el desempe\u00f1o electoral en las generales de octubre lograr\u00eda tres bancas en el Congreso. En tanto, los otros dos esca\u00f1os, se repartir\u00edan entre\u00a0<strong>Cambia Mendoza<\/strong>\u00a0y\u00a0<strong>Uni\u00f3n por la Patria<\/strong>.<\/p>\n\n\n\n<p>Con el 97,95% de las mesas provinciales escrutadas, la lista de legisladores de La Libertad Mendoza obtuvo el 43,55% de los votos y le sac\u00f3 una amplia ventaja a Cambia Mendoza que logr\u00f3 un 27,13%. En tercer lugar qued\u00f3 ubicado Uni\u00f3n por la Patria con el 16,33%, mientas que el Frente de Izquierda y de Trabajadores (FIT) alcanz\u00f3 el 3,07%. Quinto se coloc\u00f3 Libres del Sur, que sac\u00f3 1,58% superando por escasas d\u00e9cimas el porcentaje de votos.<\/p>\n\n\n\n<p>Esas cinco fuerzas competir\u00e1n el 22 de octubre por las cinco bancas de diputados nacionales que se ponen en juego en las elecciones de este a\u00f1o. La distribuci\u00f3n de los esca\u00f1os se realiza a trav\u00e9s del sistema D\u2019Hondt, que reparte los lugares proporcionalmente en base a la cantidad de votos obtenidos.<\/p>\n\n\n\n<p>Teniendo en cuenta el resultado de las PASO y en caso de replicarse en las generales, la lista que acompa\u00f1\u00f3 a Milei obtendr\u00eda tres bancas. Esos lugares corresponder\u00edan a\u00a0<strong>Mercedes &#8220;Mechi&#8221; Llano<\/strong>, actual diputada provincial del Partido Dem\u00f3crata; al desarrollador inmobiliario y tambi\u00e9n referente dem\u00f3crata\u00a0<strong>Facundo Correa Llano<\/strong>; y a\u00a0<strong>Lourdes Arrieta<\/strong>, una joven comunicadora y locutora de 30 a\u00f1os que representa al Partido Libertario mendocino.<\/p>\n\n\n\n<p>En tanto, por el frente oficialista Cambia Mendoza solo ingresar\u00eda a la C\u00e1mara de Diputados el economista radical\u00a0<strong>Lisandro Nieri<\/strong>, actual legislador nacional y ex ministro provincial de Hacienda y de Gobierno durante las gestiones de Alfredo Cornejo y Rodolfo Suarez.<\/p>\n\n\n\n<p>En tanto, la quinta banca mendocina en juego se la quedar\u00eda Uni\u00f3n por la Patria, de la mano de\u00a0<strong>Mart\u00edn Aveiro<\/strong>, intendente peronista de Tunuy\u00e1n, que tambi\u00e9n es candidato a concejal de su departamento en las elecciones municipales desdobladas del pr\u00f3ximo 3 de septiembre.<\/p>\n\n\n\n<p>De esta manera, los resultados de las primarias dejar\u00edan afuera del Congreso a la dirigente radical Patricia Gim\u00e9nez, quien ocupa el segundo lugar en la lista de Cambia Mendoza y fue compa\u00f1era de f\u00f3rmula de Luis Petri en las PASO provinciales. Tambi\u00e9n quedar\u00eda marginado el ministro de Gobierno, Trabajo y Justicia, V\u00edctor Ib\u00e1\u00f1ez, quien iba tercero en la n\u00f3mina de postulantes oficialista.<\/p>\n\n\n\n<p>FUENTE: MDZ Online.<\/p>\n","protected":false},"excerpt":{"rendered":"<p>El resultado de las PASO de este domingo dej\u00f3 una proyecci\u00f3n de c\u00f3mo ser\u00eda la distribuci\u00f3n de bancas de diputados nacionales en Mendoza. El arrastre de Javier Milei lograr\u00eda tres esca\u00f1os para La Libertad Avanza, mientras que los otros dos lugares se repartir\u00edan entre Cambia Mendoza y UxP. La aplastante victoria de\u00a0Javier Milei\u00a0en las PASO [&hellip;]<\/p>\n","protected":false},"author":2,"featured_media":696,"comment_status":"open","ping_status":"open","sticky":true,"template":"","format":"standard","meta":[],"categories":[47],"tags":[],"_links":{"self":[{"href":"https:\/\/pasaenmendoza.com\/index.php?rest_route=\/wp\/v2\/posts\/695"}],"collection":[{"href":"https:\/\/pasaenmendoza.com\/index.php?rest_route=\/wp\/v2\/posts"}],"about":[{"href":"https:\/\/pasaenmendoza.com\/index.php?rest_route=\/wp\/v2\/types\/post"}],"author":[{"embeddable":true,"href":"https:\/\/pasaenmendoza.com\/index.php?rest_route=\/wp\/v2\/users\/2"}],"replies":[{"embeddable":true,"href":"https:\/\/pasaenmendoza.com\/index.php?rest_route=%2Fwp%2Fv2%2Fcomments&post=695"}],"version-history":[{"count":1,"href":"https:\/\/pasaenmendoza.com\/index.php?rest_route=\/wp\/v2\/posts\/695\/revisions"}],"predecessor-version":[{"id":697,"href":"https:\/\/pasaenmendoza.com\/index.php?rest_route=\/wp\/v2\/posts\/695\/revisions\/697"}],"wp:featuredmedia":[{"embeddable":true,"href":"https:\/\/pasaenmendoza.com\/index.php?rest_route=\/wp\/v2\/media\/696"}],"wp:attachment":[{"href":"https:\/\/pasaenmendoza.com\/index.php?rest_route=%2Fwp%2Fv2%2Fmedia&parent=695"}],"wp:term":[{"taxonomy":"category","embeddable":true,"href":"https:\/\/pasaenmendoza.com\/index.php?rest_route=%2Fwp%2Fv2%2Fcategories&post=695"},{"taxonomy":"post_tag","embeddable":true,"href":"https:\/\/pasaenmendoza.com\/index.php?rest_route=%2Fwp%2Fv2%2Ftags&post=695"}],"curies":[{"name":"wp","href":"https:\/\/api.w.org\/{rel}","templated":true}]}}