{"id":6972,"date":"2024-04-23T00:32:23","date_gmt":"2024-04-22T22:32:23","guid":{"rendered":"https:\/\/pasaenmendoza.com\/?p=6972"},"modified":"2024-04-23T00:32:24","modified_gmt":"2024-04-22T22:32:24","slug":"colegio-de-abogados-se-impuso-el-oficialismo-en-una-eleccion-con-varias-polemicas","status":"publish","type":"post","link":"https:\/\/pasaenmendoza.com\/?p=6972","title":{"rendered":"Colegio de Abogados: se impuso el oficialismo, en una elecci\u00f3n con varias pol\u00e9micas"},"content":{"rendered":"\n<p>El oficialismo se impuso en\u00a0la elecci\u00f3n de autoridades del\u00a0<strong>Colegio de Abogados<\/strong>\u00a0de la Primera Circunscripci\u00f3n de Mendoza.\u00a0<strong>Sergio Molina<\/strong>\u00a0y\u00a0<strong>Jazminka Mihaljevic<\/strong>, por la lista Abogac\u00eda Independiente, fueron electos presidente y vice, respetivamente, con el 53% de los votos de los profesionales. Tambi\u00e9n lograron mayor\u00eda en el\u00a0<strong>Tribunal de \u00c9tica y Disciplina.<\/strong><\/p>\n\n\n\n<p>Las elecciones se realizaron este viernes para definir la conducci\u00f3n de la instituci\u00f3n para el bienio 2024-2026, y a suceder en la presidencia a\u00a0<strong>Andrea Maturana<\/strong>, cuya gesti\u00f3n estuvo salpicada por\u00a0denuncias sobre tr\u00e1fico de influencias, el a\u00f1o pasado.<\/p>\n\n\n\n<p>En este caso se presentaron tres listas. El oficialismo obtuvo la victoria, por lo que logr\u00f3 mantener la presidencia, con 638 votos.<\/p>\n\n\n\n<p>Alternativa Independiente y Plural, que reun\u00eda a profesionales autoconvocados y era encabezada por<strong>&nbsp;Jer\u00f3nimo Gil Di Paola<\/strong>, reuni\u00f3 335 votos (28%).<\/p>\n\n\n\n<p>Y, por \u00faltimo, la agrupaci\u00f3n en la que se presentaba como candidato&nbsp;<strong>Facundo Marquesini<\/strong>, Foro Abierto, alcanz\u00f3 235 sufragios (19%).<\/p>\n\n\n\n<p>La otra instancia decisiva para los colegiados fue la elecci\u00f3n del tribunal de \u00c9tica. Tambi\u00e9n el oficialismo logr\u00f3 imponerse con holgura. En este caso, la cantidad de votos fue mayor, por una raz\u00f3n: para votar por las autoridades, los abogados tienen que estar con la cuota al d\u00eda; en el caso de la comisi\u00f3n de disciplina, ese requisito no es necesario.<\/p>\n\n\n\n<p>En concreto, la lista 2 de Molina cont\u00f3 con 750 votos; la opositora de Gil Di Paola, 423 sufragios y la de Marquesini, otros 314 apoyos.<\/p>\n\n\n\n<p>El tribunal ser\u00e1 presidido por Sebasti\u00e1n Sosa y Natalia Vallina, de la lista 2.<\/p>\n\n\n\n<h2 class=\"wp-block-heading\" id=\"h-una-eleccion-con-polemicas\">Una elecci\u00f3n con pol\u00e9micas<\/h2>\n\n\n\n<p>El Colegio de Abogados ven\u00eda de un sacud\u00f3n importante en 2023 por las denuncias presentadas contra la actual presidenta, Andrea Maturana, y fuertes cuestionamientos sobre la independencia institucional respecto del Gobierno provincial.<\/p>\n\n\n\n<p>De hecho, en este caso, la oposici\u00f3n critic\u00f3 a la lista 2 por tener integrantes relacionados con Cambia Mendoza, como Nuria Olive, actual secretaria legal y t\u00e9cnica del Senado.<\/p>\n\n\n\n<p>Con ese mar de fondo, el proceso electoral comenz\u00f3 con una convocatoria en medio del fin de semana largo para reunir avales y candidatos, lo que complic\u00f3 a la oposici\u00f3n.<\/p>\n\n\n\n<p>La otra pol\u00e9mica gir\u00f3 en torno a la conformaci\u00f3n de la Junta Electoral, cuestionada por su parcialidad. Su presidente fue Mauricio Gaibazzi, asesor legal de la Secretar\u00eda de Ambiente, es decir, del Ejecutivo.<\/p>\n\n\n\n<p>Pero tambi\u00e9n hicieron ruido otras dos figuras: una, el abogado Joaqu\u00edn Falitti, al que apuntaron por ser socio del estudio jur\u00eddico de Federico Giacchini, apoderado de la lista 2, respectivamente.<\/p>\n\n\n\n<p>La otra es Marisa Zumbo, actual secretaria del Tribunal de \u00c9tica y Secretaria Relatora del Directorio, por lo que la oposici\u00f3n entendi\u00f3 que es empleada de la actual conducci\u00f3n.<\/p>\n\n\n\n<p>La Junta tuvo que resolver, por caso, una presentaci\u00f3n hecha por la agrupaci\u00f3n de Gil Di Paola contra la de Marquesini, por dos cuestiones: una, la falta de paridad en la lista, y dos, por errores en la planilla de avales.<\/p>\n\n\n\n<p>En este caso, el \u00f3rgano de control electoral no hizo lugar a la presentaci\u00f3n de la oposici\u00f3n porque consider\u00f3 que era extempor\u00e1nea.<\/p>\n\n\n\n<p><strong>Fuente: www.elsol.com.ar<\/strong><\/p>\n","protected":false},"excerpt":{"rendered":"<p>El oficialismo se impuso en\u00a0la elecci\u00f3n de autoridades del\u00a0Colegio de Abogados\u00a0de la Primera Circunscripci\u00f3n de Mendoza.\u00a0Sergio Molina\u00a0y\u00a0Jazminka Mihaljevic, por la lista Abogac\u00eda Independiente, fueron electos presidente y vice, respetivamente, con el 53% de los votos de los profesionales. Tambi\u00e9n lograron mayor\u00eda en el\u00a0Tribunal de \u00c9tica y Disciplina. Las elecciones se realizaron este viernes para definir [&hellip;]<\/p>\n","protected":false},"author":2,"featured_media":6973,"comment_status":"open","ping_status":"open","sticky":false,"template":"","format":"standard","meta":[],"categories":[50],"tags":[],"_links":{"self":[{"href":"https:\/\/pasaenmendoza.com\/index.php?rest_route=\/wp\/v2\/posts\/6972"}],"collection":[{"href":"https:\/\/pasaenmendoza.com\/index.php?rest_route=\/wp\/v2\/posts"}],"about":[{"href":"https:\/\/pasaenmendoza.com\/index.php?rest_route=\/wp\/v2\/types\/post"}],"author":[{"embeddable":true,"href":"https:\/\/pasaenmendoza.com\/index.php?rest_route=\/wp\/v2\/users\/2"}],"replies":[{"embeddable":true,"href":"https:\/\/pasaenmendoza.com\/index.php?rest_route=%2Fwp%2Fv2%2Fcomments&post=6972"}],"version-history":[{"count":1,"href":"https:\/\/pasaenmendoza.com\/index.php?rest_route=\/wp\/v2\/posts\/6972\/revisions"}],"predecessor-version":[{"id":6974,"href":"https:\/\/pasaenmendoza.com\/index.php?rest_route=\/wp\/v2\/posts\/6972\/revisions\/6974"}],"wp:featuredmedia":[{"embeddable":true,"href":"https:\/\/pasaenmendoza.com\/index.php?rest_route=\/wp\/v2\/media\/6973"}],"wp:attachment":[{"href":"https:\/\/pasaenmendoza.com\/index.php?rest_route=%2Fwp%2Fv2%2Fmedia&parent=6972"}],"wp:term":[{"taxonomy":"category","embeddable":true,"href":"https:\/\/pasaenmendoza.com\/index.php?rest_route=%2Fwp%2Fv2%2Fcategories&post=6972"},{"taxonomy":"post_tag","embeddable":true,"href":"https:\/\/pasaenmendoza.com\/index.php?rest_route=%2Fwp%2Fv2%2Ftags&post=6972"}],"curies":[{"name":"wp","href":"https:\/\/api.w.org\/{rel}","templated":true}]}}