{"id":6975,"date":"2024-04-23T00:37:57","date_gmt":"2024-04-22T22:37:57","guid":{"rendered":"https:\/\/pasaenmendoza.com\/?p=6975"},"modified":"2024-04-23T00:37:58","modified_gmt":"2024-04-22T22:37:58","slug":"buscan-crear-el-primer-centro-de-primera-infancia-conin-de-gestion-publica-y-privada-del-pais","status":"publish","type":"post","link":"https:\/\/pasaenmendoza.com\/?p=6975","title":{"rendered":"Buscan crear el primer Centro de Primera Infancia Conin de gesti\u00f3n p\u00fablica y privada del pa\u00eds"},"content":{"rendered":"\n<p>El intendente\u00a0Mat\u00edas Stevanato\u00a0se reuni\u00f3 con Abel Albino y los profesionales de la Fundaci\u00f3n para articular acciones respecto a la ayuda a la red de merenderos del departamento. En este contexto, la comuna maipucina junto a\u00a0<strong>CONIN\u00a0<\/strong>comenzaron a trabajar en un acuerdo para la implementaci\u00f3n de un\u00a0<strong>centro CONIN\u00a0<\/strong>en Maip\u00fa.\u00a0<\/p>\n\n\n\n<p>El objetivo de esta acci\u00f3n es fortalecer el trabajo mancomunado entre el Municipio de Maip\u00fa y\u00a0<strong>CONIN\u00a0<\/strong>que beneficiar\u00e1 a los vecinos y vecinas del departamento, apuntando a la asistencia en salud de manera integral hacia ni\u00f1os, ni\u00f1as y j\u00f3venes de las familias m\u00e1s vulnerables.\u00a0<\/p>\n\n\n\n<p>\u201cPoder articular estas acciones es un enorme desaf\u00edo, agradezco la predisposici\u00f3n de CONIN y la gesti\u00f3n que realiza d\u00eda a d\u00eda en beneficio de las familias argentinas m\u00e1s vulnerables\u201d, destac\u00f3 Mat\u00edas Stevanato.&nbsp;<\/p>\n\n\n\n<p>La fundaci\u00f3n\u00a0<strong>CONIN\u00a0<\/strong>es una organizaci\u00f3n sin fines de lucro que trabaja abordando la desnutrici\u00f3n\u00a0<strong>infantil<\/strong>, acompa\u00f1ando a diversos grupos familiares a trav\u00e9s de una metodolog\u00eda probada. Tras la reuni\u00f3n mantenida, establecieron l\u00edneas de trabajo en conjunto para brindar acompa\u00f1amiento a una red de m\u00e1s de 60 merenderos y 40 comedores ubicados en el departamento de Maip\u00fa.<\/p>\n\n\n\n<p><strong>Fuente: www.diariomendoza.com.ar<\/strong><\/p>\n","protected":false},"excerpt":{"rendered":"<p>El intendente\u00a0Mat\u00edas Stevanato\u00a0se reuni\u00f3 con Abel Albino y los profesionales de la Fundaci\u00f3n para articular acciones respecto a la ayuda a la red de merenderos del departamento. En este contexto, la comuna maipucina junto a\u00a0CONIN\u00a0comenzaron a trabajar en un acuerdo para la implementaci\u00f3n de un\u00a0centro CONIN\u00a0en Maip\u00fa.\u00a0 El objetivo de esta acci\u00f3n es fortalecer el [&hellip;]<\/p>\n","protected":false},"author":2,"featured_media":6976,"comment_status":"open","ping_status":"open","sticky":false,"template":"","format":"standard","meta":[],"categories":[58],"tags":[],"_links":{"self":[{"href":"https:\/\/pasaenmendoza.com\/index.php?rest_route=\/wp\/v2\/posts\/6975"}],"collection":[{"href":"https:\/\/pasaenmendoza.com\/index.php?rest_route=\/wp\/v2\/posts"}],"about":[{"href":"https:\/\/pasaenmendoza.com\/index.php?rest_route=\/wp\/v2\/types\/post"}],"author":[{"embeddable":true,"href":"https:\/\/pasaenmendoza.com\/index.php?rest_route=\/wp\/v2\/users\/2"}],"replies":[{"embeddable":true,"href":"https:\/\/pasaenmendoza.com\/index.php?rest_route=%2Fwp%2Fv2%2Fcomments&post=6975"}],"version-history":[{"count":1,"href":"https:\/\/pasaenmendoza.com\/index.php?rest_route=\/wp\/v2\/posts\/6975\/revisions"}],"predecessor-version":[{"id":6977,"href":"https:\/\/pasaenmendoza.com\/index.php?rest_route=\/wp\/v2\/posts\/6975\/revisions\/6977"}],"wp:featuredmedia":[{"embeddable":true,"href":"https:\/\/pasaenmendoza.com\/index.php?rest_route=\/wp\/v2\/media\/6976"}],"wp:attachment":[{"href":"https:\/\/pasaenmendoza.com\/index.php?rest_route=%2Fwp%2Fv2%2Fmedia&parent=6975"}],"wp:term":[{"taxonomy":"category","embeddable":true,"href":"https:\/\/pasaenmendoza.com\/index.php?rest_route=%2Fwp%2Fv2%2Fcategories&post=6975"},{"taxonomy":"post_tag","embeddable":true,"href":"https:\/\/pasaenmendoza.com\/index.php?rest_route=%2Fwp%2Fv2%2Ftags&post=6975"}],"curies":[{"name":"wp","href":"https:\/\/api.w.org\/{rel}","templated":true}]}}