{"id":6978,"date":"2024-04-23T15:02:28","date_gmt":"2024-04-23T13:02:28","guid":{"rendered":"https:\/\/pasaenmendoza.com\/?p=6978"},"modified":"2024-04-23T15:02:30","modified_gmt":"2024-04-23T13:02:30","slug":"los-gremios-se-miden-con-cornejo-en-una-gran-asamblea-en-la-casa-de-gobierno","status":"publish","type":"post","link":"https:\/\/pasaenmendoza.com\/?p=6978","title":{"rendered":"Los gremios se miden con Cornejo en una gran asamblea en la Casa de Gobierno"},"content":{"rendered":"\n<p>Ampros, Judiciales, UPCN y APOC rechazaron los aumentos de la \u00faltima paritaria. Hoy a las 11.30 se concentrar\u00e1n en la explanada de la Casa de Gobierno.<\/p>\n\n\n\n<p>La \u00faltima negociaci\u00f3n paritaria est\u00e1 lejos de cerrarse en el corto plazo, al menos con cuatro gremios de Mendoza. Es que, la Asociaci\u00f3n Mendocina de Profesionales de la Salud (Ampros), la Asociaci\u00f3n del Personal de los Organismos de Control (APOC), la Uni\u00f3n del Personal Civil de la Naci\u00f3n (UPCN) y el Sindicato de Trabajadores Judiciales y Funcionarios del Poder Judicial de Mendoza (Judiciales) rechazaron la \u00faltima oferta del Gobierno y debatir\u00e1n los pasos a seguir hoy en una asamblea en la explanada de Casa de Gobierno.<\/p>\n\n\n\n<p>Est\u00e1 previsto que el encuentro comience a las 11.30. &#8220;La reuni\u00f3n intersindical es para expresar nuestro descontento con el desarrollo de las\u00a0<strong>paritarias\u00a0<\/strong>por considerarlas insuficientes&#8221;, dijo el secretario adjunto de Ampros, Daniel Jim\u00e9nez.<\/p>\n\n\n\n<p>&#8220;Tambi\u00e9n pedimos la modificaci\u00f3n de la base de c\u00e1lculo, queremos que se tenga en cuenta el mes anterior&#8221;, agreg\u00f3.<\/p>\n\n\n\n<p>En el mismo sentido, el titular de los Judiciales, Ricardo Babill\u00f3n, dijo que el objetivo de la asamblea intersindical es debatir. &#8220;Vamos a debatir sobre las imposiciones del Gobierno provincial y el sistema\u00a0<strong>paritario\u00a0<\/strong>que se est\u00e1 aplicando&#8221;, indic\u00f3 el dirigente gremial.<\/p>\n\n\n\n<p>M\u00e1s all\u00e1 del debate, la asamblea intersindical ser\u00e1 una muestra del poder de los\u00a0<strong>gremios\u00a0<\/strong>al Gobernador durante la discusi\u00f3n salarial. Todo en el contexto de pol\u00e9mica por el aumento de las dietas de los senadores nacionales y el sueldo de los directores de YPF.<\/p>\n\n\n\n<h2 class=\"wp-block-heading\">Medidas de fuerza<\/h2>\n\n\n\n<p>El debate de la asamblea intersindical girar\u00e1 sobre tres ejes: la defensa irrestricta de los derechos de los trabajadores,&nbsp;<strong>paritarias&nbsp;<\/strong>justas y sin condicionamientos, y salarios y condiciones laborales dignas. Por el momento, no hay definiciones sobre las resoluciones de la asamblea intersindical.<\/p>\n\n\n\n<p>Aunque muchos esperaban el trazado de un plan de lucha, la idea no est\u00e1 en el centro de la discusi\u00f3n. Tampoco est\u00e1 previsto acercarle a A<strong>lfredo Cornejo\u00a0<\/strong>un petitorio o documento con las conclusiones.<\/p>\n\n\n\n<h2 class=\"wp-block-heading\">Gremios estatales unidos<\/h2>\n\n\n\n<p>Los \u00faltimos d\u00edas de marzo naci\u00f3 Gremios Estatales Unidos (GEU) para hacer frente al Gobierno provincial, principalmente, en la negociaci\u00f3n salarial.&nbsp;<\/p>\n\n\n\n<p>Los sindicatos de Mendoza dejaron sus diferencias de lado y buscaron puntos en com\u00fan. &#8220;La unidad es el \u00fanico camino hacia el \u00e9xito&#8221;, puntualizaron los Judiciales en ese momento.<\/p>\n\n\n\n<p>&#8220;Este nuevo frente sindical surge justo en v\u00edsperas de las cruciales\u00a0<strong>paritarias\u00a0<\/strong>de abril, reflejando una determinaci\u00f3n colectiva de enfrentar los desaf\u00edos venideros con mayor fuerza y cohesi\u00f3n que nunca antes&#8221;, agregaron.\u00a0<\/p>\n\n\n\n<p>Los&nbsp;<strong>gremios&nbsp;<\/strong>aceptaron a rega\u00f1adientes las&nbsp;<strong>paritarias&nbsp;<\/strong>de febrero para alcanzar, aunque sea en parte, los n\u00fameros de la inflaci\u00f3n. Por eso, las discusi\u00f3n de abril era crucial. Sin embargo, ATE y SUTE ya aceptaron las propuestas, las bajaron a las bases y firmaron por una alternativa de aumento salarial.<\/p>\n\n\n\n<p>Ahora, son cuatro los&nbsp;<strong>gremios&nbsp;<\/strong>que rechazan la oferta del Ejecutivo y trabajar\u00e1n en bloque para presionar al Gobierno.<\/p>\n\n\n\n<h2 class=\"wp-block-heading\">Los puntos que exigen los gremios<\/h2>\n\n\n\n<p>-\u00daltimo per\u00edodo liquidado al momento de la&nbsp;<strong>paritaria&nbsp;<\/strong>como base de c\u00e1lculo para los incrementos salariales.<\/p>\n\n\n\n<p>-Garant\u00eda de que los representantes&nbsp;<strong>paritarios&nbsp;<\/strong>del Gobierno tengan capacidad de decisi\u00f3n, conforme a lo establecido por ley.<\/p>\n\n\n\n<p>-Promoci\u00f3n de un ambiente de igualdad en las negociaciones salariales, donde ambas partes puedan exponer problemas y soluciones sin imposiciones por parte de la patronal.<\/p>\n\n\n\n<p>-Prohibici\u00f3n de incluir compensaciones ofrecidas por el Ejecutivo en las actas&nbsp;<strong>paritarias&nbsp;<\/strong>en caso de otorgar diferentes aumentos a otros sectores.<\/p>\n\n\n\n<p>-Que los acuerdos&nbsp;<strong>paritarios&nbsp;<\/strong>abarquen aspectos salariales y condiciones laborales.<\/p>\n\n\n\n<p>-En contra del pago de bonos o \u00edtems &#8220;en negro&#8221; en las negociaciones\u00a0<strong>paritarias<\/strong>.<\/p>\n\n\n\n<p>FUENTE: MDZonline.<\/p>\n","protected":false},"excerpt":{"rendered":"<p>Ampros, Judiciales, UPCN y APOC rechazaron los aumentos de la \u00faltima paritaria. Hoy a las 11.30 se concentrar\u00e1n en la explanada de la Casa de Gobierno. La \u00faltima negociaci\u00f3n paritaria est\u00e1 lejos de cerrarse en el corto plazo, al menos con cuatro gremios de Mendoza. Es que, la Asociaci\u00f3n Mendocina de Profesionales de la Salud [&hellip;]<\/p>\n","protected":false},"author":2,"featured_media":6979,"comment_status":"open","ping_status":"open","sticky":true,"template":"","format":"standard","meta":[],"categories":[47],"tags":[],"_links":{"self":[{"href":"https:\/\/pasaenmendoza.com\/index.php?rest_route=\/wp\/v2\/posts\/6978"}],"collection":[{"href":"https:\/\/pasaenmendoza.com\/index.php?rest_route=\/wp\/v2\/posts"}],"about":[{"href":"https:\/\/pasaenmendoza.com\/index.php?rest_route=\/wp\/v2\/types\/post"}],"author":[{"embeddable":true,"href":"https:\/\/pasaenmendoza.com\/index.php?rest_route=\/wp\/v2\/users\/2"}],"replies":[{"embeddable":true,"href":"https:\/\/pasaenmendoza.com\/index.php?rest_route=%2Fwp%2Fv2%2Fcomments&post=6978"}],"version-history":[{"count":1,"href":"https:\/\/pasaenmendoza.com\/index.php?rest_route=\/wp\/v2\/posts\/6978\/revisions"}],"predecessor-version":[{"id":6980,"href":"https:\/\/pasaenmendoza.com\/index.php?rest_route=\/wp\/v2\/posts\/6978\/revisions\/6980"}],"wp:featuredmedia":[{"embeddable":true,"href":"https:\/\/pasaenmendoza.com\/index.php?rest_route=\/wp\/v2\/media\/6979"}],"wp:attachment":[{"href":"https:\/\/pasaenmendoza.com\/index.php?rest_route=%2Fwp%2Fv2%2Fmedia&parent=6978"}],"wp:term":[{"taxonomy":"category","embeddable":true,"href":"https:\/\/pasaenmendoza.com\/index.php?rest_route=%2Fwp%2Fv2%2Fcategories&post=6978"},{"taxonomy":"post_tag","embeddable":true,"href":"https:\/\/pasaenmendoza.com\/index.php?rest_route=%2Fwp%2Fv2%2Ftags&post=6978"}],"curies":[{"name":"wp","href":"https:\/\/api.w.org\/{rel}","templated":true}]}}