{"id":698,"date":"2023-08-15T13:52:35","date_gmt":"2023-08-15T11:52:35","guid":{"rendered":"https:\/\/pasaenmendoza.com\/?p=698"},"modified":"2023-08-15T13:54:38","modified_gmt":"2023-08-15T11:54:38","slug":"perlita-cuando-balter-acusaba-a-de-marchi-de-vaciar-el-pd","status":"publish","type":"post","link":"https:\/\/pasaenmendoza.com\/?p=698","title":{"rendered":"Perlita: cuando Balter acusaba a De Marchi de &#8220;vaciar el PD&#8221;"},"content":{"rendered":"\n<p>Una de las postales de este domingo, tras la victoria de Milei, fue el abrazo fraternal entre De Marchi y Balter, dos hist\u00f3ricos que se llevaron m\u00e1s mal que bien.<\/p>\n\n\n\n<p>No estuvo en la conferencia de prensa que dieron los principales referentes del PD y Partido Libertario, pero igualmente\u00a0<strong>Omar De Marchi lleg\u00f3 anoche a la sede del PD<\/strong>\u00a0para sumarle a los festejos por el triunfo de Javier Milei. Y de su corta estad\u00eda, qued\u00f3 una postal hist\u00f3rica: un abrazo con el presidente del Partido Dem\u00f3crata,\u00a0<strong>Carlos Balter.<\/strong><\/p>\n\n\n\n<p>La sorpresa fue may\u00fascula a partir de las<strong>\u00a0disputas entre ambos<\/strong>, siendo dirigentes de peso del PD, pero m\u00e1s rivales que correligionarios. De hecho, cuando\u00a0<strong>Balter<\/strong>\u00a0volvi\u00f3 a activarse dentro del partido conservador, dijo que lo hac\u00eda luego de que algunos dirigentes, como De Marchi, se dedicaran a vaciar el partido.<\/p>\n\n\n\n<p>Dijo textualmente que\u00a0<strong>De Marchi &#8220;vaci\u00f3 intencionalmente&#8221; el PD<\/strong>. Lo manifest\u00f3 antes de asumir como titular del partido a nivel provincial, en 2015 (hoy preside el PD Nacional), cuando el lujanino ya estaba instalado como\u00a0<strong>dirigente del PRO.<\/strong><\/p>\n\n\n\n<p><strong>Balter<\/strong>&nbsp;y los &#8220;suyos&#8221;, como Marcos Niven,&nbsp;<strong>sosten\u00edan que De Marchi hab\u00eda poblado el PRO en Mendoza con dirigentes que se fue llevando del Partido Dem\u00f3crata<\/strong>, &#8220;vaci\u00e1ndolo intencionalmente&#8221;.<\/p>\n\n\n\n<p>Adem\u00e1s, en aquel&nbsp;<strong>2015<\/strong>, cuando&nbsp;<strong>Balter<\/strong>&nbsp;volvi\u00f3 a ser presidente del PD tras m\u00e1s de 15 a\u00f1os sin participar,<strong>&nbsp;De Marchi intent\u00f3 invalidar la elecci\u00f3n<\/strong>&nbsp;para que su sobrino, el actual intendente de Luj\u00e1n&nbsp;<strong>Sebasti\u00e1n Bragagnolo<\/strong>, pueda participar.<\/p>\n\n\n\n<p>Una de las\u00a0cr\u00f3nicas de aquel a\u00f1o se\u00f1al\u00f3\u00a0que &#8220;no obstante, la Junta Electoral dem\u00f3crata descalific\u00f3 a la lista del pariente del intendente de Luj\u00e1n porque no ten\u00eda los avales correspondientes&#8221;.<\/p>\n\n\n\n<p><strong><em>FUENTE:<\/em><\/strong> Memo.com.ar<\/p>\n","protected":false},"excerpt":{"rendered":"<p>Una de las postales de este domingo, tras la victoria de Milei, fue el abrazo fraternal entre De Marchi y Balter, dos hist\u00f3ricos que se llevaron m\u00e1s mal que bien. No estuvo en la conferencia de prensa que dieron los principales referentes del PD y Partido Libertario, pero igualmente\u00a0Omar De Marchi lleg\u00f3 anoche a la [&hellip;]<\/p>\n","protected":false},"author":2,"featured_media":699,"comment_status":"open","ping_status":"open","sticky":true,"template":"","format":"standard","meta":[],"categories":[47],"tags":[],"_links":{"self":[{"href":"https:\/\/pasaenmendoza.com\/index.php?rest_route=\/wp\/v2\/posts\/698"}],"collection":[{"href":"https:\/\/pasaenmendoza.com\/index.php?rest_route=\/wp\/v2\/posts"}],"about":[{"href":"https:\/\/pasaenmendoza.com\/index.php?rest_route=\/wp\/v2\/types\/post"}],"author":[{"embeddable":true,"href":"https:\/\/pasaenmendoza.com\/index.php?rest_route=\/wp\/v2\/users\/2"}],"replies":[{"embeddable":true,"href":"https:\/\/pasaenmendoza.com\/index.php?rest_route=%2Fwp%2Fv2%2Fcomments&post=698"}],"version-history":[{"count":2,"href":"https:\/\/pasaenmendoza.com\/index.php?rest_route=\/wp\/v2\/posts\/698\/revisions"}],"predecessor-version":[{"id":701,"href":"https:\/\/pasaenmendoza.com\/index.php?rest_route=\/wp\/v2\/posts\/698\/revisions\/701"}],"wp:featuredmedia":[{"embeddable":true,"href":"https:\/\/pasaenmendoza.com\/index.php?rest_route=\/wp\/v2\/media\/699"}],"wp:attachment":[{"href":"https:\/\/pasaenmendoza.com\/index.php?rest_route=%2Fwp%2Fv2%2Fmedia&parent=698"}],"wp:term":[{"taxonomy":"category","embeddable":true,"href":"https:\/\/pasaenmendoza.com\/index.php?rest_route=%2Fwp%2Fv2%2Fcategories&post=698"},{"taxonomy":"post_tag","embeddable":true,"href":"https:\/\/pasaenmendoza.com\/index.php?rest_route=%2Fwp%2Fv2%2Ftags&post=698"}],"curies":[{"name":"wp","href":"https:\/\/api.w.org\/{rel}","templated":true}]}}