{"id":6984,"date":"2024-04-23T15:17:44","date_gmt":"2024-04-23T13:17:44","guid":{"rendered":"https:\/\/pasaenmendoza.com\/?p=6984"},"modified":"2024-04-23T15:17:45","modified_gmt":"2024-04-23T13:17:45","slug":"antes-de-la-marcha-fidel-le-pide-prudencia-a-milei-con-las-universidades","status":"publish","type":"post","link":"https:\/\/pasaenmendoza.com\/?p=6984","title":{"rendered":"Antes de la marcha, Fidel le pide &#8220;prudencia&#8221; a Milei con las universidades"},"content":{"rendered":"\n<p>La tensi\u00f3n por el presupuesto universitario retaceado por el gobierno de\u00a0<strong>Javier Gerardo Milei<\/strong>\u00a0ha ido en aumento por la proximidad de la marcha convocada por las universidades para resistir el desfinanciamiento de la educaci\u00f3n superior p\u00fablica. Esta situaci\u00f3n se registr\u00f3 con m\u00e1s nitidez\u00a0con las acciones de \u00faltimo momento que hicieron desde la Casa\u00a0 Rosada para desalentar la protesta prevista para hoy martes 23 a la tarde en todas las ciudades y con epicentro en CABA.<\/p>\n\n\n\n<p>Hay dos ejes de discusi\u00f3n. Por un lado el&nbsp;<strong>desfinanciamiento<\/strong>&nbsp;y el riesgo de no poder cumplir con la demanda m\u00ednima educativa planteada por las casas de estudio, lo que justifica la marcha de hoy. Y por otro,&nbsp;la sospecha instalada por el mismo presidente que &#8221; se usan las universidades para hacer negocios turbios y adoctrinar&#8221;, lo que justificar\u00eda la restricci\u00f3n presupuestaria.<\/p>\n\n\n\n<p>Una hora y media antes del mensaje presidencial, el Ministerio de Capital Humano poste\u00f3 su cuenta de X que se hicieron las transferencias de partidas para las universidades para costear el funcionamiento universitario, a la par que se proclamaba a modo de advertencia a las autoridades acad\u00e9micas:\u00a0\u00a0<strong>&#8220;La educaci\u00f3n es un derecho y auditar es una obligaci\u00f3n&#8221;<\/strong>.<\/p>\n\n\n\n<p>Desde los \u00e1mbitos educativos inmediatamente interpretaron este anuncio de trasnferencias como el \u00faltimo intento de desalentar la asistencia a la marcha que promete ser multitudinaria. En todo caso se espera que el argumento se replique y que se diga que con los recursos enviados&nbsp;<strong>no deber\u00edan salir a las calles para protestar&nbsp;<\/strong>contra la pol\u00edtica educativa libertaria y que por lo tanto se atrata de una movida con inter\u00e9s pol\u00edtico y desestabilizador contra el presidente.<\/p>\n\n\n\n<p>En esa secuencia tambi\u00e9n el vicerrector de la Universidad Nacional de Cuyo (UNCuyo),&nbsp;<strong>Gabriel Fidel,<\/strong>&nbsp;le pidi\u00f3 prudencia al gobierno nacional. El alto funcionario universitario pint\u00f3 un panorama complejo ayer lunes 22 al aire en el programa&nbsp;&nbsp;<em>Jornada de #6a7<\/em>&nbsp;(de lunes a viernes de 6 a 7, Radio Jornada 91.9; 101.1 en el Este y 96.9 en Lujan de Cuyo). En ese an\u00e1lisis, Fidel diferenci\u00f3 los anuncios gubernamentales de los supuestos acuerdos que el mismo Ejecutivo nacional dijo haber alcanzado con las universidades.<\/p>\n\n\n\n<p>Al mismo tiempo ratific\u00f3 la decisi\u00f3n de marchar hoy convocando a todas las personas que sientan a la Universidad p\u00fablica como parte de sus vidas personales y familiares. Habr\u00e1 una concentraci\u00f3n en la rotonda de acceso al Campus universitario a las 16:00 y de all\u00ed se marchar\u00e1 hacia el centro de la ciudad para volver a concentrarse en la Plaza Independencia a las 18:00 donde se realizar\u00e1 el acto de reclamo.\u00a0<\/p>\n\n\n\n<p>Puntos textuales de Fidel<\/p>\n\n\n\n<p><strong>\u2022&nbsp;<\/strong><strong>No es un acuerdo, han sido anuncios.<\/strong>&nbsp;<em>Un acuerdo es cuando hay di\u00e1logo, cuando se sientan las partes, que es lo ideal y lo que debe ocurrir, que se sienten las partes. Si bien nosotros no somos ajenos como universidades a lo que pasa en el resto del pa\u00eds, sabemos que hay que administrar con much\u00edsimo cuidado, que hay que tratar de mejorar la calidad del gasto.&nbsp;Entonces lo que digo es que es un anuncio que es insuficiente para lo que necesiten las universidades, pero todav\u00eda no se ha arribado a un acuerdo.&nbsp;&nbsp;<\/em><\/p>\n\n\n\n<p><strong>\u2022\u00a0Alternativas y gastos.<\/strong>\u00a0<em>Nosotros mismos, el a\u00f1o pasado antes de que asumiera este gobierno, propusimos el programa de &#8220;Impulsores&#8221;, que es una estrategia para desarrollar proyectos con la universidad. Venimos haciendo un mont\u00f3n de actividades junto con el sector privado, con el sector p\u00fablico.\u00a0 No estamos quietos y hemos buscado recursos de distinto tipo para poder llevar adelante las actividades. Es buscar alianzas que estamos haciendo con el sector privado y con el sector p\u00fablico para seguir con actividades, Eso nos propusimos con ala rectora Esther S\u00e1nchez desde el d\u00eda uno de nuestra gesti\u00f3n. Hemos sido muy cuidadosos con el gasto, hemos sido muy cuidadosos, eso nos ha permitido llegar a hoy con muchas dificultades, pero tambi\u00e9n pudiendo hacer que la Universidad de Cuyo pueda seguir adelante con sus actividades<\/em>.<\/p>\n\n\n\n<p><strong>\u2022&nbsp;<\/strong><strong>Un c\u00e1lculo de 2022 para aplicar ahora.<\/strong>&nbsp;<em>Como somos parte del Estado Nacional, seguimos con el presupuesto del 2023 reconducido, eso quiere decir que funcionamos con un presupuesto que fue pensado a finales del 2022, pero con 300% de inflaci\u00f3n, es un presupuesto muy m\u00ednimo.&nbsp;<\/em><\/p>\n\n\n\n<p><strong>\u2022\u00a0El 10% subvaluado.\u00a0<\/strong><em>En el presupuesto de las universidades hay una gran parte de los salarios de las universidades, cerca del 90 por ciento, eso va directamente al pago de los salarios y de lo que hablamos es del otro 10 por ciento del presupuesto de la UNCuyo. En 2023 fue de 26.000 millones de pesos entonces hablamos del 10 por ciento de ese monto. Es el que usamos para el funcionamiento de nuestras 12 facultades, institutos, centro de deporte, comedor, todo lo que la gente sabe de la UNCuyo, que vos lo ves en Gran Mendoza, pero lo ves tambi\u00e9n en el territorio, en San Rafael en General Alvear. Todo eso es ese 10 por ciento que no se ha actualizado, eso nos obliga a reorientar partidas presupuestarias, o mejor dicho, a priorizar gastos, eso se vot\u00f3 en el Consejo Superior y la prioridad la hemos puesto en tener las aulas abiertas, o sea que el acto educativo no se interrumpi\u00f3, por el contrario, podemos garantizar la continuidad de las clases que es lo que m\u00e1s nos interesa, porque nos interesa por eso a todos los estudiantes y las becas para estudiantes.<\/em><\/p>\n\n\n\n<p><strong>\u2022&nbsp;<\/strong><strong>Las auditor\u00edas por dentro y por fuera.&nbsp;<\/strong><em>La autonom\u00eda universitaria est\u00e1 consagrada por la Constituci\u00f3n Nacional en el art\u00edculo 75, inciso 19. Por lo tanto, la autonom\u00eda universitaria tiene jerarqu\u00eda constitucional en la Rep\u00fablica Argentina. Eso significa que el poder pol\u00edtico no puede interferir en la vida de las universidades que adem\u00e1s tienen una vida caracterizada por la diversidad y el pluralismo de ideas. Las universidades est\u00e1n auditadas por la Auditor\u00eda General de la Naci\u00f3n (y por la Sindicatura General de la Naci\u00f3n). La AGN depende del Congreso, justamente por este principio de autonom\u00eda. Entonces hay una auditor\u00eda de car\u00e1cter externo y a su vez nosotros cuando asumimos con la rectora Esther S\u00e1nchez, establecimos un sistema de auditor\u00eda interna con auditor independiente que adem\u00e1s es una personalidad destacada de esta provincia como es la contadora M\u00f3nica Gonz\u00e1lez. Tenemos una doble auditor\u00eda, una externa y una interna donde se audita no s\u00f3lo lo econ\u00f3mico y financiero, sino la parte operativa de la Universidad.<\/em><\/p>\n\n\n\n<p><strong>\u2022\u00a0Pedido de prudencia a Milei.<\/strong>\u00a0<em>Hay que ser mucho m\u00e1s prudentes y si hay que hacer cosas, se hacen, se mejora, siempre hay que mejorar, obviamente siempre hay que ser autocr\u00edticos, pero otra cosa es tener esta concepci\u00f3n de decir, no, eso no, eso no. Hay que ser m\u00e1s prudentes y eso es lo que estamos pidiendo al Gobierno Nacional, porque est\u00e1 claro que la Argentina viene de malas administraciones, est\u00e1 claro que el pa\u00eds necesita mejorar, cambiar. Est\u00e1 claro que hay que bajar la inflaci\u00f3n, creo que todos tenemos claro de d\u00f3nde venimos, de la decadencia de la Argentina de d\u00e9cadas.<\/em><\/p>\n\n\n\n<p><strong>\u2022\u00a0Lo que duele.<\/strong>\u00a0<em>Hay que resolver los niveles de pobreza que tenemos en la Argentina, la indigencia, la cantidad de j\u00f3venes que se han ido del pa\u00eds, que se siguen yendo del pa\u00eds, esa frustraci\u00f3n que hemos vivido, creo que est\u00e1 claro eso, que tenemos todos y todos queremos salir de eso.<\/em><\/p>\n\n\n\n<p><strong>\u2022\u00a0Contra la destrucci\u00f3n de todo.<\/strong>\u00a0<em>La educaci\u00f3n con may\u00fasculas es justamente lo que te saca de eso, porque la educaci\u00f3n es lo que te permite tener una sociedad que va a pasar a la investigaci\u00f3n, que tambi\u00e9n est\u00e1 afectada, es lo que te permite crecer tambi\u00e9n como sociedad. Las sociedades que apuestan fuertemente a la educaci\u00f3n y a la investigaci\u00f3n y al conocimiento, son las sociedades que finalmente tienen mejor calidad de vida y m\u00e1s bienestar. Por eso digo, la prudencia es necesaria. Hay que reordenar el gasto en la Argentina, hay que bajar la inflaci\u00f3n, \u00bfqui\u00e9n no est\u00e1 de acuerdo? Yo estoy de acuerdo con esas cosas, lo doy en mis clases de Econom\u00eda con lo cual mis alumnos tienen bien claro lo que pienso en la pol\u00edtica fiscal, la pol\u00edtico monetaria, pero otra cosa es esto que lleva a la destrucci\u00f3n de lo que tanto cost\u00f3 la Argentina construir. Por eso trabajemos en el marco del di\u00e1logo y seguramente las cosas van a salir bien y todas las cosas que necesitamos, pero hace falta di\u00e1logo y hace falta la intervenci\u00f3n p\u00fablica. Con toda la diversidad de ideas, porque no pensamos todos igual en la universidad, lo mejor que nos puede pasar es que no pensemos todos igual, por eso enriquece la democracia.<\/em>\u00a0<\/p>\n\n\n\n<p>FUENTE: Mendozapost.<\/p>\n","protected":false},"excerpt":{"rendered":"<p>La tensi\u00f3n por el presupuesto universitario retaceado por el gobierno de\u00a0Javier Gerardo Milei\u00a0ha ido en aumento por la proximidad de la marcha convocada por las universidades para resistir el desfinanciamiento de la educaci\u00f3n superior p\u00fablica. Esta situaci\u00f3n se registr\u00f3 con m\u00e1s nitidez\u00a0con las acciones de \u00faltimo momento que hicieron desde la Casa\u00a0 Rosada para desalentar [&hellip;]<\/p>\n","protected":false},"author":2,"featured_media":6985,"comment_status":"open","ping_status":"open","sticky":true,"template":"","format":"standard","meta":[],"categories":[47],"tags":[],"_links":{"self":[{"href":"https:\/\/pasaenmendoza.com\/index.php?rest_route=\/wp\/v2\/posts\/6984"}],"collection":[{"href":"https:\/\/pasaenmendoza.com\/index.php?rest_route=\/wp\/v2\/posts"}],"about":[{"href":"https:\/\/pasaenmendoza.com\/index.php?rest_route=\/wp\/v2\/types\/post"}],"author":[{"embeddable":true,"href":"https:\/\/pasaenmendoza.com\/index.php?rest_route=\/wp\/v2\/users\/2"}],"replies":[{"embeddable":true,"href":"https:\/\/pasaenmendoza.com\/index.php?rest_route=%2Fwp%2Fv2%2Fcomments&post=6984"}],"version-history":[{"count":1,"href":"https:\/\/pasaenmendoza.com\/index.php?rest_route=\/wp\/v2\/posts\/6984\/revisions"}],"predecessor-version":[{"id":6986,"href":"https:\/\/pasaenmendoza.com\/index.php?rest_route=\/wp\/v2\/posts\/6984\/revisions\/6986"}],"wp:featuredmedia":[{"embeddable":true,"href":"https:\/\/pasaenmendoza.com\/index.php?rest_route=\/wp\/v2\/media\/6985"}],"wp:attachment":[{"href":"https:\/\/pasaenmendoza.com\/index.php?rest_route=%2Fwp%2Fv2%2Fmedia&parent=6984"}],"wp:term":[{"taxonomy":"category","embeddable":true,"href":"https:\/\/pasaenmendoza.com\/index.php?rest_route=%2Fwp%2Fv2%2Fcategories&post=6984"},{"taxonomy":"post_tag","embeddable":true,"href":"https:\/\/pasaenmendoza.com\/index.php?rest_route=%2Fwp%2Fv2%2Ftags&post=6984"}],"curies":[{"name":"wp","href":"https:\/\/api.w.org\/{rel}","templated":true}]}}