{"id":7004,"date":"2024-04-23T23:48:10","date_gmt":"2024-04-23T21:48:10","guid":{"rendered":"https:\/\/pasaenmendoza.com\/?p=7004"},"modified":"2024-04-23T23:48:11","modified_gmt":"2024-04-23T21:48:11","slug":"masiva-movilizacion-en-la-marcha-universitaria-en-mendoza","status":"publish","type":"post","link":"https:\/\/pasaenmendoza.com\/?p=7004","title":{"rendered":"Masiva movilizaci\u00f3n en la marcha universitaria en Mendoza"},"content":{"rendered":"\n<p>Desde las 16, estudiantes, ciudadanos y referentes de diversos sectores sociales llevan&nbsp; marchan por la<strong>&nbsp;universidad p\u00fablica<\/strong>, una convocatoria que se replica en simult\u00e1neo, en todos los puntos del pa\u00eds.<\/p>\n\n\n\n<p>Miles de personas partieron desde la rotonda de la&nbsp;<strong>UNCuyo<\/strong>&nbsp;y se movilizan por la&nbsp;<strong>Ciudad&nbsp;<\/strong>hasta&nbsp;la plaza Independencia donde se llevar\u00e1 a cabo un acto. Fuentes policiales informaron al Post que estiman que hay 40 mil personas participando.<\/p>\n\n\n\n<p>En el centro mendocino el tr\u00e1nsito est\u00e1 demorado ya que a lo largo del transcurso de la protesta, la gente se va sumando.<\/p>\n\n\n\n<p>A nivel nacional, estudiantes, docentes, la CGT, legisladores y dirigentes de la oposici\u00f3n encabezar\u00e1n este martes una Marcha Federal Universitaria a Plaza de Mayo en defensa de la universidad p\u00fablica, en medio de las dificultades presupuestarias que experimenta la mayor\u00eda de las casas de estudios.<\/p>\n\n\n\n<p>La convocatoria es &#8220;contra del ajuste presupuestario&#8221; de las universidades, que -seg\u00fan advierten- podr\u00eda llevar a la ca\u00edda del sistema de estudios p\u00fablico. La movilizaci\u00f3n tuvo una enorme adhesi\u00f3n en todo el pa\u00eds.<\/p>\n\n\n\n<figure class=\"wp-block-image\"><img decoding=\"async\" src=\"https:\/\/www.mendozapost.com\/files\/image\/564\/564585\/662814ba67bb3_570_429!.jpg?s=f753bd0228513dc9670bc652c55978b3&amp;d=1713902781\" alt=\"\"\/><\/figure>\n\n\n\n<p>La protesta se lleva a cabo en diferentes puntos del pa\u00eds.<\/p>\n\n\n\n<p><strong>Fuente: mendozapost.com<\/strong><\/p>\n","protected":false},"excerpt":{"rendered":"<p>Desde las 16, estudiantes, ciudadanos y referentes de diversos sectores sociales llevan&nbsp; marchan por la&nbsp;universidad p\u00fablica, una convocatoria que se replica en simult\u00e1neo, en todos los puntos del pa\u00eds. Miles de personas partieron desde la rotonda de la&nbsp;UNCuyo&nbsp;y se movilizan por la&nbsp;Ciudad&nbsp;hasta&nbsp;la plaza Independencia donde se llevar\u00e1 a cabo un acto. Fuentes policiales informaron al [&hellip;]<\/p>\n","protected":false},"author":2,"featured_media":7005,"comment_status":"open","ping_status":"open","sticky":false,"template":"","format":"standard","meta":[],"categories":[56],"tags":[],"_links":{"self":[{"href":"https:\/\/pasaenmendoza.com\/index.php?rest_route=\/wp\/v2\/posts\/7004"}],"collection":[{"href":"https:\/\/pasaenmendoza.com\/index.php?rest_route=\/wp\/v2\/posts"}],"about":[{"href":"https:\/\/pasaenmendoza.com\/index.php?rest_route=\/wp\/v2\/types\/post"}],"author":[{"embeddable":true,"href":"https:\/\/pasaenmendoza.com\/index.php?rest_route=\/wp\/v2\/users\/2"}],"replies":[{"embeddable":true,"href":"https:\/\/pasaenmendoza.com\/index.php?rest_route=%2Fwp%2Fv2%2Fcomments&post=7004"}],"version-history":[{"count":1,"href":"https:\/\/pasaenmendoza.com\/index.php?rest_route=\/wp\/v2\/posts\/7004\/revisions"}],"predecessor-version":[{"id":7006,"href":"https:\/\/pasaenmendoza.com\/index.php?rest_route=\/wp\/v2\/posts\/7004\/revisions\/7006"}],"wp:featuredmedia":[{"embeddable":true,"href":"https:\/\/pasaenmendoza.com\/index.php?rest_route=\/wp\/v2\/media\/7005"}],"wp:attachment":[{"href":"https:\/\/pasaenmendoza.com\/index.php?rest_route=%2Fwp%2Fv2%2Fmedia&parent=7004"}],"wp:term":[{"taxonomy":"category","embeddable":true,"href":"https:\/\/pasaenmendoza.com\/index.php?rest_route=%2Fwp%2Fv2%2Fcategories&post=7004"},{"taxonomy":"post_tag","embeddable":true,"href":"https:\/\/pasaenmendoza.com\/index.php?rest_route=%2Fwp%2Fv2%2Ftags&post=7004"}],"curies":[{"name":"wp","href":"https:\/\/api.w.org\/{rel}","templated":true}]}}