{"id":7007,"date":"2024-04-23T23:51:01","date_gmt":"2024-04-23T21:51:01","guid":{"rendered":"https:\/\/pasaenmendoza.com\/?p=7007"},"modified":"2024-04-23T23:51:02","modified_gmt":"2024-04-23T21:51:02","slug":"nuevas-calles-cortadas-en-ciudad-por-donde-no-hay-que-transitar","status":"publish","type":"post","link":"https:\/\/pasaenmendoza.com\/?p=7007","title":{"rendered":"Nuevas calles cortadas en Ciudad: por d\u00f3nde no hay que transitar"},"content":{"rendered":"\n<p>En su reporte semanal, la\u00a0<strong>Ciudad de Mendoza<\/strong>\u00a0inform\u00f3 el estado actual de las\u00a0calles\u00a0afectadas por los trabajos en su calzada.<\/p>\n\n\n\n<p>En este contexto, comunicaron que el cruce de&nbsp;<strong>San Mart\u00edn y Rondeau<\/strong>, que estaba vedado al tr\u00e1nsito, qued\u00f3 habilitado solo para veh\u00edculos y rodados menores.<\/p>\n\n\n\n<figure class=\"wp-block-image\"><img decoding=\"async\" src=\"https:\/\/i0.wp.com\/newspack-elsol.s3.amazonaws.com\/wp-content\/uploads\/2024\/04\/cortes-Ciudad-1024x551.jpg?resize=780%2C420&amp;ssl=1\" alt=\"\" class=\"wp-image-1950591\"\/><\/figure>\n\n\n\n<p>Por su parte,&nbsp;<strong>San Juan y Rondeau<\/strong>, en donde Aysam est\u00e1 realizando recambio de ca\u00f1er\u00edas, qued\u00f3 abierto en media calzada.<\/p>\n\n\n\n<p>En cuanto al transporte p\u00fablico, el mismo ha sido desviado por calle 9 de Julio al sur.<\/p>\n\n\n\n<h2 class=\"wp-block-heading\" id=\"h-estado-de-las-calles\">Estado de las calles<\/h2>\n\n\n\n<p><strong>Calles cortadas de forma total<\/strong>:<\/p>\n\n\n\n<ul>\n<li>San Juan, de Mor\u00f3n a Juli\u00e1n Barraquero.<\/li>\n\n\n\n<li>San Juan, entre Jos\u00e9 V. Zapata y Rondeau.<\/li>\n<\/ul>\n\n\n\n<p><strong>Cortes de media calzada<\/strong>:<\/p>\n\n\n\n<ul>\n<li>Cruce de San Juan y Rondeau.<\/li>\n\n\n\n<li>San Juan, de Catamarca a Lavalle (lateral oeste, veredas).<\/li>\n\n\n\n<li>San Juan, de Entre R\u00edos a C\u00f3rdoba (lateral oeste, veredas).<\/li>\n\n\n\n<li>Mor\u00f3n, de San Juan a Costanera (leve restricci\u00f3n en cruce).<\/li>\n<\/ul>\n\n\n\n<p><strong>Fuente: www.elsol.com.ar<\/strong><\/p>\n","protected":false},"excerpt":{"rendered":"<p>En su reporte semanal, la\u00a0Ciudad de Mendoza\u00a0inform\u00f3 el estado actual de las\u00a0calles\u00a0afectadas por los trabajos en su calzada. En este contexto, comunicaron que el cruce de&nbsp;San Mart\u00edn y Rondeau, que estaba vedado al tr\u00e1nsito, qued\u00f3 habilitado solo para veh\u00edculos y rodados menores. Por su parte,&nbsp;San Juan y Rondeau, en donde Aysam est\u00e1 realizando recambio de [&hellip;]<\/p>\n","protected":false},"author":2,"featured_media":7008,"comment_status":"open","ping_status":"open","sticky":false,"template":"","format":"standard","meta":[],"categories":[50],"tags":[],"_links":{"self":[{"href":"https:\/\/pasaenmendoza.com\/index.php?rest_route=\/wp\/v2\/posts\/7007"}],"collection":[{"href":"https:\/\/pasaenmendoza.com\/index.php?rest_route=\/wp\/v2\/posts"}],"about":[{"href":"https:\/\/pasaenmendoza.com\/index.php?rest_route=\/wp\/v2\/types\/post"}],"author":[{"embeddable":true,"href":"https:\/\/pasaenmendoza.com\/index.php?rest_route=\/wp\/v2\/users\/2"}],"replies":[{"embeddable":true,"href":"https:\/\/pasaenmendoza.com\/index.php?rest_route=%2Fwp%2Fv2%2Fcomments&post=7007"}],"version-history":[{"count":1,"href":"https:\/\/pasaenmendoza.com\/index.php?rest_route=\/wp\/v2\/posts\/7007\/revisions"}],"predecessor-version":[{"id":7009,"href":"https:\/\/pasaenmendoza.com\/index.php?rest_route=\/wp\/v2\/posts\/7007\/revisions\/7009"}],"wp:featuredmedia":[{"embeddable":true,"href":"https:\/\/pasaenmendoza.com\/index.php?rest_route=\/wp\/v2\/media\/7008"}],"wp:attachment":[{"href":"https:\/\/pasaenmendoza.com\/index.php?rest_route=%2Fwp%2Fv2%2Fmedia&parent=7007"}],"wp:term":[{"taxonomy":"category","embeddable":true,"href":"https:\/\/pasaenmendoza.com\/index.php?rest_route=%2Fwp%2Fv2%2Fcategories&post=7007"},{"taxonomy":"post_tag","embeddable":true,"href":"https:\/\/pasaenmendoza.com\/index.php?rest_route=%2Fwp%2Fv2%2Ftags&post=7007"}],"curies":[{"name":"wp","href":"https:\/\/api.w.org\/{rel}","templated":true}]}}