{"id":7010,"date":"2024-04-23T23:54:39","date_gmt":"2024-04-23T21:54:39","guid":{"rendered":"https:\/\/pasaenmendoza.com\/?p=7010"},"modified":"2024-04-23T23:54:40","modified_gmt":"2024-04-23T21:54:40","slug":"se-viene-otro-aumento-de-la-luz-en-mendoza-y-advierten-que-el-impacto-podria-ser-importante","status":"publish","type":"post","link":"https:\/\/pasaenmendoza.com\/?p=7010","title":{"rendered":"Se viene otro aumento de la luz en Mendoza y advierten que \u201cel impacto podr\u00eda ser importante\u201d"},"content":{"rendered":"\n<p>La titular del Ente Provincial Regulador El\u00e9ctrico (EPRE),&nbsp;<strong>Andrea Molina<\/strong>, confirm\u00f3 que desde el pr\u00f3ximo 1 de mayo debe comenzar a regir un nuevo&nbsp;<strong>aumento de la tarifa de luz en Mendoza<\/strong>, producto de la actualizaci\u00f3n de \u00edtems nacionales y provinciales.<\/p>\n\n\n\n<p>Molina concurri\u00f3 este martes a la Legislatura, convocada por diputados opositores, para explicar las causas y alcances del incremento del 159% promedio en la boleta que entr\u00f3 en vigencia en febrero. Mientras los usuarios mendocinos intentan recuperarse del fuerte impacto que signific\u00f3 esa suba, fuentes oficiales confirmaron que a partir del primer d\u00eda del pr\u00f3ximo mes<strong>&nbsp;la tarifa el\u00e9ctrica tiene que ajustarse nuevamente.<\/strong><\/p>\n\n\n\n<p>Por un pedido de las distribuidoras, aceptado por el ex gobernador Rodolfo Suarez en el final de su mandato,<strong>&nbsp;la boleta de la luz en la provincia se actualiza cada tres meses&nbsp;<\/strong>(antes lo hac\u00eda por semestre). Las fechas establecidas por decreto para aplicar los aumentos son el&nbsp;<strong>1 de febrero, 1 de mayo, 1 de agosto y 1 de noviembre de cada a\u00f1o<\/strong>.<\/p>\n\n\n\n<p>Molina asegur\u00f3 que se desconoce el porcentaje del inminente aumento, pero admiti\u00f3 que&nbsp;<em>\u201cel impacto podr\u00eda ser importante\u201d<\/em>. En concreto, se ajustar\u00e1n los&nbsp;<strong>costos de abastecimiento<\/strong>, de jurisdicci\u00f3n nacional; y el&nbsp;<strong>Valor Agregado de Distribuci\u00f3n (VAD)<\/strong>, definido por el gobierno provincial.<\/p>\n\n\n\n<p>Las autoridades locales se encuentran a la espera que la Secretar\u00eda de Energ\u00eda de la Naci\u00f3n determine cu\u00e1les ser\u00e1n los nuevos precios estacionales para avanzar con la confecci\u00f3n del cuadro tarifario. Mientras, el EPRE termina de readecuar el VAD, tomando en cuenta la inflaci\u00f3n de los \u00faltimos tres meses y los denominados&nbsp;<em>\u201ccostos eficientes\u201d<\/em>&nbsp;de las distribuidoras.<\/p>\n\n\n\n<p>El decreto 2348\/2023 firmado por Suarez a fines del a\u00f1o pasado modific\u00f3 el procedimiento de adecuaci\u00f3n del VAD y&nbsp;<strong>no menciona en ning\u00fan p\u00e1rrafo la necesidad de esperar la definiciones nacionales.&nbsp;<\/strong>Sin embargo, el EPRE ha tomado la determinaci\u00f3n de aguardar los n\u00fameros que entregar\u00e1 la Secretar\u00eda de Energ\u00eda para oficializar el nuevo cuadro tarifario.<\/p>\n\n\n\n<p><em>\u201cEstamos aguardando que nos informen cu\u00e1l ser\u00eda el nuevo costo de abastecimiento y el de transporte\u201d<\/em>, explic\u00f3 Molina, quien adem\u00e1s reconoci\u00f3 que el aumento del valor del gas para las centrales generadoras t\u00e9rmicas seguramente se trasladar\u00e1 al precio que el usuario paga en la boleta.<\/p>\n\n\n\n<p><em>\u201cPor una cuesti\u00f3n de temporalidad, para la generaci\u00f3n de energ\u00eda se utiliza m\u00e1s gas, que sufri\u00f3 incrementos fuertes en el \u00faltimo tiempo. Esto se traduce en mayor gasto en d\u00f3lares, cuya cotizaci\u00f3n oficial ha subido. El impacto podr\u00eda ser importante\u201d<\/em>, finaliz\u00f3 Molina.<\/p>\n\n\n\n<p><strong>Fuente: www.elsol.com.ar<\/strong><\/p>\n","protected":false},"excerpt":{"rendered":"<p>La titular del Ente Provincial Regulador El\u00e9ctrico (EPRE),&nbsp;Andrea Molina, confirm\u00f3 que desde el pr\u00f3ximo 1 de mayo debe comenzar a regir un nuevo&nbsp;aumento de la tarifa de luz en Mendoza, producto de la actualizaci\u00f3n de \u00edtems nacionales y provinciales. Molina concurri\u00f3 este martes a la Legislatura, convocada por diputados opositores, para explicar las causas y [&hellip;]<\/p>\n","protected":false},"author":2,"featured_media":7011,"comment_status":"open","ping_status":"open","sticky":false,"template":"","format":"standard","meta":[],"categories":[79],"tags":[],"_links":{"self":[{"href":"https:\/\/pasaenmendoza.com\/index.php?rest_route=\/wp\/v2\/posts\/7010"}],"collection":[{"href":"https:\/\/pasaenmendoza.com\/index.php?rest_route=\/wp\/v2\/posts"}],"about":[{"href":"https:\/\/pasaenmendoza.com\/index.php?rest_route=\/wp\/v2\/types\/post"}],"author":[{"embeddable":true,"href":"https:\/\/pasaenmendoza.com\/index.php?rest_route=\/wp\/v2\/users\/2"}],"replies":[{"embeddable":true,"href":"https:\/\/pasaenmendoza.com\/index.php?rest_route=%2Fwp%2Fv2%2Fcomments&post=7010"}],"version-history":[{"count":1,"href":"https:\/\/pasaenmendoza.com\/index.php?rest_route=\/wp\/v2\/posts\/7010\/revisions"}],"predecessor-version":[{"id":7012,"href":"https:\/\/pasaenmendoza.com\/index.php?rest_route=\/wp\/v2\/posts\/7010\/revisions\/7012"}],"wp:featuredmedia":[{"embeddable":true,"href":"https:\/\/pasaenmendoza.com\/index.php?rest_route=\/wp\/v2\/media\/7011"}],"wp:attachment":[{"href":"https:\/\/pasaenmendoza.com\/index.php?rest_route=%2Fwp%2Fv2%2Fmedia&parent=7010"}],"wp:term":[{"taxonomy":"category","embeddable":true,"href":"https:\/\/pasaenmendoza.com\/index.php?rest_route=%2Fwp%2Fv2%2Fcategories&post=7010"},{"taxonomy":"post_tag","embeddable":true,"href":"https:\/\/pasaenmendoza.com\/index.php?rest_route=%2Fwp%2Fv2%2Ftags&post=7010"}],"curies":[{"name":"wp","href":"https:\/\/api.w.org\/{rel}","templated":true}]}}