{"id":7013,"date":"2024-04-24T00:04:09","date_gmt":"2024-04-23T22:04:09","guid":{"rendered":"https:\/\/pasaenmendoza.com\/?p=7013"},"modified":"2024-04-24T00:04:10","modified_gmt":"2024-04-23T22:04:10","slug":"cinco-empresas-se-sumaron-a-la-cautelar-para-poder-retrotraer-los-aumentos-de-las-prepagas","status":"publish","type":"post","link":"https:\/\/pasaenmendoza.com\/?p=7013","title":{"rendered":"Cinco empresas se sumaron a la cautelar para poder retrotraer los aumentos de las prepagas"},"content":{"rendered":"\n<p>La Superintendencia de Servicios de Salud de la Naci\u00f3n (SSS) ampli\u00f3 la\u00a0<strong>medida cautelar contra las\u00a0prepagas\u00a0a 5 empresas m\u00e1s<\/strong>, con el objetivo de que\u00a0<strong>retrotraigan los aumentos a diciembre del a\u00f1o pasado<\/strong>\u00a0y se ordene la devoluci\u00f3n a los usuarios de lo percibido por encima de la inflaci\u00f3n en los \u00faltimos cuatro meses.<\/p>\n\n\n\n<p>El organismo estatal incorpor\u00f3 al&nbsp;<strong>Hospital Alem\u00e1n, Hospital Brit\u00e1nico, CEMIC, Grupo D.D.M SA y el C\u00edrculo M\u00e9dico de Lomas de Zamora,<\/strong>&nbsp;a la denuncia por &#8220;abuso de las empresas de medicina prepaga en la determinaci\u00f3n de los aumentos de cuotas de sus usuarios&#8221;, seg\u00fan explicaron desde el gobierno de Javier Milei.<\/p>\n\n\n\n<p>Con las nuevas firmas agregadas,<strong>\u00a0la medida cautelar ahora abarca a 23 prepagas<\/strong>\u00a0que contemplan el 95% de los beneficiarios cubiertos por este r\u00e9gimen. El recurso interpuesto por la SSS apunta a que las empresas retrotraigan sus precios a diciembre y que la Justicia disponga la devoluci\u00f3n de las subas que superaron el \u00cdndice de Precios al Consumidor (IPC) en los \u00faltimos meses.<\/p>\n\n\n\n<p>Desde el Ejecutivo precisaron que &#8220;<strong>la medida cautelar de la Superintendencia se basa en resguardar la competencia en defensa del libre mercado frente a las pr\u00e1cticas anticompetitivas<\/strong>, como el abuso de posici\u00f3n dominante y exceso en la determinaci\u00f3n arbitraria e injustificada del aumento de las cuotas&#8221;.<\/p>\n\n\n\n<h2 class=\"wp-block-heading\">En la mira por el aumento de las prepagas<\/h2>\n\n\n\n<p>Las&nbsp;<strong>prepagas investigadas desde enero<\/strong>&nbsp;por la Comisi\u00f3n Nacional de Defensa de la Competencia (CNDC), que depende de la Secretar\u00eda de Comercio e Industria y que se ven alcanzadas por la medida son:<\/p>\n\n\n\n<ul>\n<li>Galeno Argentina S.A.<\/li>\n\n\n\n<li>Hospital Brit\u00e1nico de Buenos Aires Asociaci\u00f3n Civil.<\/li>\n\n\n\n<li>Hospital Alem\u00e1n Asociaci\u00f3n Civil.<\/li>\n\n\n\n<li>Medif\u00e9 Asociaci\u00f3n Civil.<\/li>\n\n\n\n<li>Swiss Medical S.A.<\/li>\n\n\n\n<li>Omint S.A. de Servicios.<\/li>\n\n\n\n<li>OSDE Organizaci\u00f3n de Servicios Directos Empresarios.<\/li>\n\n\n\n<li>Uni\u00f3n Argentina de Salud (UAS), y su ex titular, Claudio Belocopitt, tambi\u00e9n presidente de Swiss Medical S.A.<\/li>\n<\/ul>\n\n\n\n<p>Al respecto de la cautelar, fuentes oficiales indicaron que &#8220;no se trata de una intervenci\u00f3n del mercado sino justamente lo contrario: una acci\u00f3n que lleva adelante la Superintendencia en su rol de fiscalizador para que se transparenten los indicadores y se garantice la libre competencia&#8221;.<\/p>\n\n\n\n<p>Adem\u00e1s, se\u00f1alaron que &#8220;el gobierno desregul\u00f3 el sistema de salud con el objetivo de que todos los beneficiarios puedan elegir libremente entre obras sociales y prepagas, y con el de impulsar la libre competencia y mayor transparencia entre los actores, para as\u00ed lograr un sistema m\u00e1s equitativo, solidario y eficiente&#8221;.<\/p>\n\n\n\n<p>En tanto, desde el Ejecutivo aclararon que &#8220;esta es una acci\u00f3n independiente a la medida tutelar por cartelizaci\u00f3n que tambi\u00e9n avanza en la Comisi\u00f3n Nacional de Defensa de la Competencia&#8221;.<\/p>\n\n\n\n<p><strong>Fuente: www.diariouno.com.ar<\/strong><\/p>\n","protected":false},"excerpt":{"rendered":"<p>La Superintendencia de Servicios de Salud de la Naci\u00f3n (SSS) ampli\u00f3 la\u00a0medida cautelar contra las\u00a0prepagas\u00a0a 5 empresas m\u00e1s, con el objetivo de que\u00a0retrotraigan los aumentos a diciembre del a\u00f1o pasado\u00a0y se ordene la devoluci\u00f3n a los usuarios de lo percibido por encima de la inflaci\u00f3n en los \u00faltimos cuatro meses. El organismo estatal incorpor\u00f3 al&nbsp;Hospital [&hellip;]<\/p>\n","protected":false},"author":2,"featured_media":7014,"comment_status":"open","ping_status":"open","sticky":false,"template":"","format":"standard","meta":[],"categories":[58],"tags":[],"_links":{"self":[{"href":"https:\/\/pasaenmendoza.com\/index.php?rest_route=\/wp\/v2\/posts\/7013"}],"collection":[{"href":"https:\/\/pasaenmendoza.com\/index.php?rest_route=\/wp\/v2\/posts"}],"about":[{"href":"https:\/\/pasaenmendoza.com\/index.php?rest_route=\/wp\/v2\/types\/post"}],"author":[{"embeddable":true,"href":"https:\/\/pasaenmendoza.com\/index.php?rest_route=\/wp\/v2\/users\/2"}],"replies":[{"embeddable":true,"href":"https:\/\/pasaenmendoza.com\/index.php?rest_route=%2Fwp%2Fv2%2Fcomments&post=7013"}],"version-history":[{"count":1,"href":"https:\/\/pasaenmendoza.com\/index.php?rest_route=\/wp\/v2\/posts\/7013\/revisions"}],"predecessor-version":[{"id":7015,"href":"https:\/\/pasaenmendoza.com\/index.php?rest_route=\/wp\/v2\/posts\/7013\/revisions\/7015"}],"wp:featuredmedia":[{"embeddable":true,"href":"https:\/\/pasaenmendoza.com\/index.php?rest_route=\/wp\/v2\/media\/7014"}],"wp:attachment":[{"href":"https:\/\/pasaenmendoza.com\/index.php?rest_route=%2Fwp%2Fv2%2Fmedia&parent=7013"}],"wp:term":[{"taxonomy":"category","embeddable":true,"href":"https:\/\/pasaenmendoza.com\/index.php?rest_route=%2Fwp%2Fv2%2Fcategories&post=7013"},{"taxonomy":"post_tag","embeddable":true,"href":"https:\/\/pasaenmendoza.com\/index.php?rest_route=%2Fwp%2Fv2%2Ftags&post=7013"}],"curies":[{"name":"wp","href":"https:\/\/api.w.org\/{rel}","templated":true}]}}