{"id":7019,"date":"2024-04-24T14:52:47","date_gmt":"2024-04-24T12:52:47","guid":{"rendered":"https:\/\/pasaenmendoza.com\/?p=7019"},"modified":"2024-04-24T14:52:49","modified_gmt":"2024-04-24T12:52:49","slug":"un-nene-prendio-fuego-un-departamento-en-godoy-cruz","status":"publish","type":"post","link":"https:\/\/pasaenmendoza.com\/?p=7019","title":{"rendered":"Un nene prendi\u00f3 fuego un departamento en Godoy Cruz"},"content":{"rendered":"\n<p>Este martes a las 17:30, la Comisar\u00eda 27\u00b0 de&nbsp;<strong>Godoy Cruz&nbsp;<\/strong>recibi\u00f3 m\u00faltiples llamados de emergencia alertando sobre un&nbsp;<strong>incendio en la calle M\u00e9xico al 1800<\/strong>. La v\u00edctima, identificada como V. Y. M., de 27 a\u00f1os, fue testigo del siniestro que afect\u00f3 su vivienda.<\/p>\n\n\n\n<p>El incendio ocurri\u00f3 en un&nbsp;<strong>complejo de departamentos<\/strong>&nbsp;y moviliz\u00f3 r\u00e1pidamente a personal policial y a los Bomberos del Cuartel Central de Godoy Cruz. Gracias a la pronta respuesta de los equipos de emergencia, se logr\u00f3 sofocar las llamas y evitar una tragedia mayor.<\/p>\n\n\n\n<p>Seg\u00fan los primeros informes, el siniestro fue\u00a0<strong>causado por la manipulaci\u00f3n de un encendedor por parte de un menor<\/strong>, quien accidentalmente\u00a0<strong>prendi\u00f3 fuego a un peluche<\/strong>\u00a0en el dormitorio. Este peque\u00f1o incidente desencaden\u00f3 el incendio que se extendi\u00f3 r\u00e1pidamente por la vivienda.<\/p>\n\n\n\n<p>El equipo de Bomberos inform\u00f3 que se produjo la p\u00e9rdida total de un dormitorio, mientras que el resto de la vivienda sufri\u00f3 da\u00f1os parciales a causa del fuego y el humo. Sin embargo, afortunadamente,<strong>\u00a0no se reportaron v\u00edctimas lesionadas ni intoxicadas\u00a0<\/strong>como resultado del incidente.<\/p>\n\n\n\n<p><strong>Fuente: www.mendozapost.com<\/strong><\/p>\n","protected":false},"excerpt":{"rendered":"<p>Este martes a las 17:30, la Comisar\u00eda 27\u00b0 de&nbsp;Godoy Cruz&nbsp;recibi\u00f3 m\u00faltiples llamados de emergencia alertando sobre un&nbsp;incendio en la calle M\u00e9xico al 1800. La v\u00edctima, identificada como V. Y. M., de 27 a\u00f1os, fue testigo del siniestro que afect\u00f3 su vivienda. El incendio ocurri\u00f3 en un&nbsp;complejo de departamentos&nbsp;y moviliz\u00f3 r\u00e1pidamente a personal policial y a [&hellip;]<\/p>\n","protected":false},"author":2,"featured_media":7020,"comment_status":"open","ping_status":"open","sticky":false,"template":"","format":"standard","meta":[],"categories":[48],"tags":[],"_links":{"self":[{"href":"https:\/\/pasaenmendoza.com\/index.php?rest_route=\/wp\/v2\/posts\/7019"}],"collection":[{"href":"https:\/\/pasaenmendoza.com\/index.php?rest_route=\/wp\/v2\/posts"}],"about":[{"href":"https:\/\/pasaenmendoza.com\/index.php?rest_route=\/wp\/v2\/types\/post"}],"author":[{"embeddable":true,"href":"https:\/\/pasaenmendoza.com\/index.php?rest_route=\/wp\/v2\/users\/2"}],"replies":[{"embeddable":true,"href":"https:\/\/pasaenmendoza.com\/index.php?rest_route=%2Fwp%2Fv2%2Fcomments&post=7019"}],"version-history":[{"count":1,"href":"https:\/\/pasaenmendoza.com\/index.php?rest_route=\/wp\/v2\/posts\/7019\/revisions"}],"predecessor-version":[{"id":7021,"href":"https:\/\/pasaenmendoza.com\/index.php?rest_route=\/wp\/v2\/posts\/7019\/revisions\/7021"}],"wp:featuredmedia":[{"embeddable":true,"href":"https:\/\/pasaenmendoza.com\/index.php?rest_route=\/wp\/v2\/media\/7020"}],"wp:attachment":[{"href":"https:\/\/pasaenmendoza.com\/index.php?rest_route=%2Fwp%2Fv2%2Fmedia&parent=7019"}],"wp:term":[{"taxonomy":"category","embeddable":true,"href":"https:\/\/pasaenmendoza.com\/index.php?rest_route=%2Fwp%2Fv2%2Fcategories&post=7019"},{"taxonomy":"post_tag","embeddable":true,"href":"https:\/\/pasaenmendoza.com\/index.php?rest_route=%2Fwp%2Fv2%2Ftags&post=7019"}],"curies":[{"name":"wp","href":"https:\/\/api.w.org\/{rel}","templated":true}]}}