{"id":702,"date":"2023-08-15T15:11:04","date_gmt":"2023-08-15T13:11:04","guid":{"rendered":"https:\/\/pasaenmendoza.com\/?p=702"},"modified":"2023-08-15T15:11:05","modified_gmt":"2023-08-15T13:11:05","slug":"anses-becas-progresar-por-que-no-cobre-agosto-2023","status":"publish","type":"post","link":"https:\/\/pasaenmendoza.com\/?p=702","title":{"rendered":"ANSES Becas Progresar: por qu\u00e9 no cobr\u00e9 agosto 2023"},"content":{"rendered":"\n<p>Como suele ocurrir cuando termina el\u00a0<strong>calendario de pago\u00a0<\/strong>de las\u00a0<strong>Becas Progresar<\/strong>, miles de beneficiarios consultan a\u00a0<strong>ANSES\u00a0<\/strong>por la falta de la acreditaci\u00f3n de los haberes, en este caso, de agosto 2023. Quienes reciben el beneficio social estaban a la espera de ver un incremento en su mensualidad, debido a que se confirm\u00f3 hace algunos d\u00edas atr\u00e1s un aumento mayor al 50%.<\/p>\n\n\n\n<p>Tras el anuncio de\u00a0<strong>ANSES\u00a0<\/strong>del aumento a las<strong>\u00a0Becas Progresar<\/strong>, sumado a la reapertura de las inscripciones, miles de beneficiarios ya estaban esperando con ansias del cobro de haberes de agosto 2023. Debido a que finaliz\u00f3 el\u00a0<strong>calendario de pago\u00a0<\/strong>que reg\u00eda la acreditaci\u00f3n de la mensualidad , aquellos que no cobraron se est\u00e1n preguntando qu\u00e9 fue lo que sucedi\u00f3 que no recibieron los 20 mil pesos.<\/p>\n\n\n\n<h2 class=\"wp-block-heading\">ANSES dio las razones de por qu\u00e9 no cobr\u00e9 las Becas Progresar en agosto 2023<\/h2>\n\n\n\n<p><strong>ANSES&nbsp;<\/strong>inform\u00f3 respecto a las<strong>&nbsp;Becas Progresar<\/strong>&nbsp;que: &#8220;El primer paso lo da la instituci\u00f3n educativa cuando certifica que ese estudiante es alumno regular de la instituci\u00f3n. En segunda instancia pasa a&nbsp;<strong>ANSES<\/strong>, que es el organismo encargado de hacer la evaluaci\u00f3n socioecon\u00f3mica, es decir, si cumple con los requisitos para poder adjudicarle la beca.&nbsp;<strong>De ser as\u00ed, la beca es aprobada<\/strong>&#8220;.<\/p>\n\n\n\n<p>Beneficiarios que no recibieron su mensualidad es uno de los problemas que se consulta frecuentemente respecto sobre las<strong>&nbsp;Becas Progresar<\/strong>, mes a mes.<\/p>\n\n\n\n<p>Otro de los motivos puede ser por la quita de las\u00a0<strong>Becas Progresar<\/strong>, por el incumplimiento de requisitos por parte de los beneficiarios.<\/p>\n\n\n\n<h2 class=\"wp-block-heading\">ANSES: qu\u00e9 hago si no cobr\u00e9 las Becas Progresar<\/h2>\n\n\n\n<p>Aquellos que no recibieron el pago del mes de julio deben seguir estos pasos:<\/p>\n\n\n\n<ul>\n<li>Actualizar los datos en la aplicaci\u00f3n de Progresar o en una oficina de ANSES.<\/li>\n\n\n\n<li>Hacer el reclamo llamando al 130 de ANSES.<\/li>\n<\/ul>\n\n\n\n<h2 class=\"wp-block-heading\">ANSES: por qu\u00e9 puedo perder las Becas Progresar<\/h2>\n\n\n\n<p>Seg\u00fan inform\u00f3&nbsp;<strong>ANSES<\/strong>, un beneficiario de las&nbsp;<strong>Becas Progresar&nbsp;<\/strong>puede perder el beneficio social por lo siguiente:<\/p>\n\n\n\n<ul>\n<li>Se venci\u00f3 la beca otorgada.<\/li>\n\n\n\n<li>Renuncia a la beca.<\/li>\n\n\n\n<li>Modificaci\u00f3n de alguna de las causas o requisitos que le permitieron cobrar la beca.<\/li>\n\n\n\n<li>Que haya finalizado el curso, taller o carrera al que la persona se anot\u00f3.<\/li>\n\n\n\n<li>Por abandono de los estudios.<\/li>\n\n\n\n<li>Por la p\u00e9rdida de la condici\u00f3n de alumno regular en la instituci\u00f3n.<\/li>\n\n\n\n<li>Que el estudiante no haya cobrado la beca durante 4 meses o dos meses en el caso de Progresar obligatorio.<\/li>\n\n\n\n<li>Por incumplimiento de cualquiera de las obligaciones del reglamento.<\/li>\n\n\n\n<li>Por falsear u omitir informaci\u00f3n.<\/li>\n\n\n\n<li>En el caso de Progresar Obligatorio, por inasistencias u otras causas informadas por la instituci\u00f3n educativa.<\/li>\n\n\n\n<li><strong>Fuente: www.diariouno.com.ar<\/strong><\/li>\n<\/ul>\n","protected":false},"excerpt":{"rendered":"<p>Como suele ocurrir cuando termina el\u00a0calendario de pago\u00a0de las\u00a0Becas Progresar, miles de beneficiarios consultan a\u00a0ANSES\u00a0por la falta de la acreditaci\u00f3n de los haberes, en este caso, de agosto 2023. Quienes reciben el beneficio social estaban a la espera de ver un incremento en su mensualidad, debido a que se confirm\u00f3 hace algunos d\u00edas atr\u00e1s un [&hellip;]<\/p>\n","protected":false},"author":2,"featured_media":704,"comment_status":"open","ping_status":"open","sticky":false,"template":"","format":"standard","meta":[],"categories":[50],"tags":[],"_links":{"self":[{"href":"https:\/\/pasaenmendoza.com\/index.php?rest_route=\/wp\/v2\/posts\/702"}],"collection":[{"href":"https:\/\/pasaenmendoza.com\/index.php?rest_route=\/wp\/v2\/posts"}],"about":[{"href":"https:\/\/pasaenmendoza.com\/index.php?rest_route=\/wp\/v2\/types\/post"}],"author":[{"embeddable":true,"href":"https:\/\/pasaenmendoza.com\/index.php?rest_route=\/wp\/v2\/users\/2"}],"replies":[{"embeddable":true,"href":"https:\/\/pasaenmendoza.com\/index.php?rest_route=%2Fwp%2Fv2%2Fcomments&post=702"}],"version-history":[{"count":2,"href":"https:\/\/pasaenmendoza.com\/index.php?rest_route=\/wp\/v2\/posts\/702\/revisions"}],"predecessor-version":[{"id":708,"href":"https:\/\/pasaenmendoza.com\/index.php?rest_route=\/wp\/v2\/posts\/702\/revisions\/708"}],"wp:featuredmedia":[{"embeddable":true,"href":"https:\/\/pasaenmendoza.com\/index.php?rest_route=\/wp\/v2\/media\/704"}],"wp:attachment":[{"href":"https:\/\/pasaenmendoza.com\/index.php?rest_route=%2Fwp%2Fv2%2Fmedia&parent=702"}],"wp:term":[{"taxonomy":"category","embeddable":true,"href":"https:\/\/pasaenmendoza.com\/index.php?rest_route=%2Fwp%2Fv2%2Fcategories&post=702"},{"taxonomy":"post_tag","embeddable":true,"href":"https:\/\/pasaenmendoza.com\/index.php?rest_route=%2Fwp%2Fv2%2Ftags&post=702"}],"curies":[{"name":"wp","href":"https:\/\/api.w.org\/{rel}","templated":true}]}}