{"id":7022,"date":"2024-04-24T14:58:49","date_gmt":"2024-04-24T12:58:49","guid":{"rendered":"https:\/\/pasaenmendoza.com\/?p=7022"},"modified":"2024-04-24T14:58:51","modified_gmt":"2024-04-24T12:58:51","slug":"tres-detenidos-y-una-hermana-del-rengo-aguilera-con-pedido-de-captura-por-los-destrozos-en-el-malvinas","status":"publish","type":"post","link":"https:\/\/pasaenmendoza.com\/?p=7022","title":{"rendered":"Tres detenidos y una hermana del Rengo Aguilera con pedido de captura por los destrozos en el Malvinas"},"content":{"rendered":"\n<p>Un destacado grupo de la\u00a0<strong>barra brava de Godoy Cruz Antonio Tomba<\/strong>\u00a0se encuentra en mira de una pesquisa policial y judicial desde hace semanas por los\u00a0graves incidentes que se registraron en el Malvinas Argentinas\u00a0durante el primer tiempo del encuentro ante el Club Atl\u00e9tico Sarmiento de Jun\u00edn por la fecha 13 de la\u00a0<strong>Copa de Liga Profesional<\/strong>, a principios de este mes.<\/p>\n\n\n\n<p>Ese lunes 8 de abril por la noche se disput\u00f3 el \u00faltimo partido de local del torneo y la facci\u00f3n con m\u00e1s poder de la hinchada se enfrent\u00f3 con los uniformados durante varios minutos cuando el partido ya hab\u00eda comenzado,\u00a0<strong>causando destrozos por m\u00e1s de 25 millones de pesos en las instalaciones del estadio<\/strong>. Todo ten\u00eda una explicaci\u00f3n de base:<mark>\u00a0aprietes a las autoridades de la instituci\u00f3n deportiva para conseguir m\u00e1s entradas para la parcialidad m\u00e1s violenta de la hinchada.<\/mark><\/p>\n\n\n\n<p>Durante este fin de semana, hubo tres detenidos -m\u00e1s un menor que fue liberado- luego de trabajos de la\u00a0<strong>Unidad Investigativa de Capital\u00a0<\/strong>(UID) e\u00a0<strong>Inteligencia Criminal<\/strong>\u00a0(IC) en una causa que lidera el fiscal de Delitos No Especializados\u00a0<strong>Gabriel Blanco<\/strong>.<\/p>\n\n\n\n<p>La individualizaci\u00f3n y posterior identificaci\u00f3n de integrantes de la banda de la Banda del Expreso se logr\u00f3 gracias al apoyo -fundamental-&nbsp;<mark>de lo que registraron las c\u00e1maras de seguridad del estadio<\/mark>, sumando la declaraci\u00f3n de testigos -los dirigentes de la instituci\u00f3n aportaron poco, destacaron fuentes del caso a este diario- y el entrecruzamiento de datos entre \u00e1reas investigativas.<\/p>\n\n\n\n<p>Casi todos los allanamientos -de un total de ocho- se desarrollaron en viviendas del departamento de Godoy Cruz,\u00a0<strong>precisamente en el barrio La Gloria de la triple frontera, donde tiene base la familia Aguilera<\/strong>. Se desplegaron con la mayor de las reservas pero trascendieron en las \u00faltimas horas, quedando un par de personajes en la orden del d\u00eda.<\/p>\n\n\n\n<p>Justamente, \u201cal menos\u201d dos domicilios de la familia que lleva a\u00f1os al frente de la barra en la manzana B recibieron la \u201cvisita\u201d de polic\u00edas de Investigaciones con el objetivo de ejecutar una de las \u00f3rdenes derivada de las labores de identificaci\u00f3n:\u00a0<strong>detener a Carla Aguilera<\/strong>,\u00a0<mark>la mujer marcada en estos tiempos como quien lleva los negocios de la barra\u00a0<\/mark>con el apoyo directo de uno de sus hermanos,\u00a0<strong>Diego Aguilera<\/strong>, conocido como\u00a0<em>Asesino<\/em>, actualmente preso en la c\u00e1rcel federal de Cacheuta por una causa de narcotr\u00e1fico.<\/p>\n\n\n\n<p>La joven, madre de tres hijos,&nbsp;<strong>no se encontraba en la propiedad el viernes a las 20 cuando la fueron a buscar y qued\u00f3 con pedido de captura por da\u00f1o agravado<\/strong>. Fuentes consultadas por&nbsp;<em><strong>El Sol&nbsp;<\/strong><\/em>se\u00f1alaron que es probable que en las pr\u00f3ximas horas se ponga a disposici\u00f3n de las autoridades judiciales para responder por el delito que le endilgan, que se desprende de la&nbsp;Ley de Espect\u00e1culos Deportivos.<\/p>\n\n\n\n<h2 class=\"wp-block-heading\" id=\"h-el-quiebre-de-la-familia-aguilera\">El quiebre de la familia Aguilera<\/h2>\n\n\n\n<p>Carla tambi\u00e9n es hermana del otrora jefe de la hinchada,\u00a0<strong>Daniel\u00a0<\/strong><em><strong>el Rengo<\/strong><\/em>\u00a0(condenado en el 2020 a 12 a\u00f1os de c\u00e1rcel por comercio de drogas), de\u00a0<strong>Juan Carlos el\u00a0<em>Moncho\u00a0<\/em><\/strong>(pas\u00f3 17 a\u00f1os preso por asesinato) y tambi\u00e9n de\u00a0<strong>Walter<\/strong>.<\/p>\n\n\n\n<p><strong>Este \u00faltimo muri\u00f3 en julio del 2022 luego de un confuso episodio relacionado con la ingesta de coca\u00edna<\/strong>\u00a0para comercializaci\u00f3n en el interior del penal federal. Por ese hecho se tramitan expedientes penales y civiles por la presunta falta de custodia del Estado en el interior del establecimiento carcelario.<\/p>\n\n\n\n<p><mark>La muerte del menor de los varones y tambi\u00e9n la causa que mantiene a Diego a la espera del debate oral federal provoc\u00f3 un quiebre sin retorno en la relaci\u00f3n entre los hermanos Aguilera<\/mark>, trasladando parte de esos conflictos a la hinchada y a los personajes que respond\u00edan a ellos.<\/p>\n\n\n\n<p>Por las fuentes que consultadas por este diario, se supo que el&nbsp;<strong><em>Rengo&nbsp;<\/em>Aguilera&nbsp;<\/strong>qued\u00f3 afuera de la barra tras la muerte de su hermano m\u00e1s chico y permanecer\u00eda con un rol totalmente secundario.<\/p>\n\n\n\n<p>Varios integrantes de la familia culparon al\u00a0<em>\u201chist\u00f3rico\u201d l\u00edder<\/em>\u00a0de estar relacionado con la muerte de Walter, quien presentaba problemas de consumo de sustancias y habr\u00eda sido utilizado como mula para ingresar al pabell\u00f3n donde se encontraba c\u00e1psulas de coca\u00edna en el est\u00f3mago.\u00a0<strong>Uno de los envoltorios \u201c<em>estall\u00f3<\/em>\u201d en su vientre\u00a0<\/strong>y esto le provoc\u00f3 el deceso, se desprende de la instrucci\u00f3n sobre el caso. \u00a0<\/p>\n\n\n\n<p>Con el paso del tiempo,&nbsp;<strong>Diego Aguilera qued\u00f3 a cargo y \u201c<em>coloc\u00f3 a su gente<\/em>\u201d&nbsp;<\/strong>en la hinchada. Entre ellos se encontraban algunos hombres, como \u201c<em>el Gordo Eze<\/em>\u201d (aseguraron que lo traicion\u00f3) y tambi\u00e9n su hermana Carla. Debido a esto,&nbsp;<mark>la joven que supera los 30 a\u00f1os es marcada por los pesquisas como la representante de la familia Aguilera en la hinchada del Tomba para no perder los negocios.<\/mark><\/p>\n\n\n\n<p>Por \u00faltimo, las fuentes aportaron que\u00a0<strong>Carla no es mencionada como \u201cjefa de la barra\u201d en el expediente\u00a0<\/strong>pero s\u00ed se encuentra complicada por lo que registraron las c\u00e1maras de seguridad. Agregaron que otro joven tambi\u00e9n qued\u00f3 con pedido de captura y que los otros tres detenidos durante los allanamientos del fin de semana fueron imputados por da\u00f1o agravado y desobediencia.<\/p>\n\n\n\n<p><strong>Fuente: www.elsol.com.ar<\/strong><\/p>\n","protected":false},"excerpt":{"rendered":"<p>Un destacado grupo de la\u00a0barra brava de Godoy Cruz Antonio Tomba\u00a0se encuentra en mira de una pesquisa policial y judicial desde hace semanas por los\u00a0graves incidentes que se registraron en el Malvinas Argentinas\u00a0durante el primer tiempo del encuentro ante el Club Atl\u00e9tico Sarmiento de Jun\u00edn por la fecha 13 de la\u00a0Copa de Liga Profesional, a [&hellip;]<\/p>\n","protected":false},"author":2,"featured_media":7023,"comment_status":"open","ping_status":"open","sticky":false,"template":"","format":"standard","meta":[],"categories":[48],"tags":[],"_links":{"self":[{"href":"https:\/\/pasaenmendoza.com\/index.php?rest_route=\/wp\/v2\/posts\/7022"}],"collection":[{"href":"https:\/\/pasaenmendoza.com\/index.php?rest_route=\/wp\/v2\/posts"}],"about":[{"href":"https:\/\/pasaenmendoza.com\/index.php?rest_route=\/wp\/v2\/types\/post"}],"author":[{"embeddable":true,"href":"https:\/\/pasaenmendoza.com\/index.php?rest_route=\/wp\/v2\/users\/2"}],"replies":[{"embeddable":true,"href":"https:\/\/pasaenmendoza.com\/index.php?rest_route=%2Fwp%2Fv2%2Fcomments&post=7022"}],"version-history":[{"count":1,"href":"https:\/\/pasaenmendoza.com\/index.php?rest_route=\/wp\/v2\/posts\/7022\/revisions"}],"predecessor-version":[{"id":7024,"href":"https:\/\/pasaenmendoza.com\/index.php?rest_route=\/wp\/v2\/posts\/7022\/revisions\/7024"}],"wp:featuredmedia":[{"embeddable":true,"href":"https:\/\/pasaenmendoza.com\/index.php?rest_route=\/wp\/v2\/media\/7023"}],"wp:attachment":[{"href":"https:\/\/pasaenmendoza.com\/index.php?rest_route=%2Fwp%2Fv2%2Fmedia&parent=7022"}],"wp:term":[{"taxonomy":"category","embeddable":true,"href":"https:\/\/pasaenmendoza.com\/index.php?rest_route=%2Fwp%2Fv2%2Fcategories&post=7022"},{"taxonomy":"post_tag","embeddable":true,"href":"https:\/\/pasaenmendoza.com\/index.php?rest_route=%2Fwp%2Fv2%2Ftags&post=7022"}],"curies":[{"name":"wp","href":"https:\/\/api.w.org\/{rel}","templated":true}]}}