{"id":7025,"date":"2024-04-24T15:05:01","date_gmt":"2024-04-24T13:05:01","guid":{"rendered":"https:\/\/pasaenmendoza.com\/?p=7025"},"modified":"2024-04-24T15:05:03","modified_gmt":"2024-04-24T13:05:03","slug":"en-menos-de-5-meses-cerraron-la-causa-por-un-femicidio-en-guaymallen-y-el-autor-sera-condenado-a-perpetua","status":"publish","type":"post","link":"https:\/\/pasaenmendoza.com\/?p=7025","title":{"rendered":"En menos de 5 meses cerraron la causa por un femicidio en Guaymall\u00e9n y el autor ser\u00e1 condenado a perpetua"},"content":{"rendered":"\n<p>Acorralado por las pruebas y sin escapatoria de una\u00a0<strong>prisi\u00f3n perpetua<\/strong>, el autor de uno de los recientes<strong>\u00a0femicidios\u00a0<\/strong>en Mendoza confesar\u00e1 este mi\u00e9rcoles y ser\u00e1 condenado a la pena m\u00e1xima. Este cierre de la investigaci\u00f3n se dar\u00e1 en el marco de un juicio abreviado.\u00a0<\/p>\n\n\n\n<p>Esteban Fernando Rodr\u00edguez (31), representado por un defensor oficial, reconocer\u00e1 en una de las salas del Polo Judicial haber asesinado a pu\u00f1aladas a su pareja,\u00a0\u00a0Vanina Gabriela Videla (33), el pasado 5 de diciembre por la noche en\u00a0Guaymall\u00e9n.\u00a0<\/p>\n\n\n\n<p>Ante la jueza Mariana Romeo, y previo&nbsp;acuerdo con la fiscal Andrea Lazo, el imputado admitir\u00e1 el crimen y la magistrada le impondr\u00e1&nbsp;<strong>perpetua&nbsp;<\/strong>por el delito de homicidio agravado por el v\u00ednculo y por mediar violencia de g\u00e9nero, \u00fanica pena posible para esta calificaci\u00f3n.&nbsp;<\/p>\n\n\n\n<p>De esta manera concluir\u00e1 la pesquisa de un hecho conmocionante\u00a0por el accionar del\u00a0<strong>femicida<\/strong>, que cometi\u00f3 el ataque en plena v\u00eda p\u00fablica.\u00a0<\/p>\n\n\n\n<p>El suceso se registr\u00f3\u00a0alrededor de las 21.30\u00a0en el barrio El Carmen de\u00a0<strong>Guaymall\u00e9n<\/strong>. La v\u00edctima\u00a0ven\u00eda en el colectivo discutiendo con\u00a0su esposo, se bajaron y en la calle el hombre\u00a0acuchill\u00f3 a la mujer, dej\u00e1ndole el arma blanca incrustada en el pecho.\u00a0<\/p>\n\n\n\n<p>\u00c9l quiso escapar corriendo, pero los vecinos que observaron&nbsp;lo ocurrido&nbsp;lo atraparon&nbsp;y casi lo linchan. Luego, herido, lo entregaron a la Polic\u00eda.&nbsp;<\/p>\n\n\n\n<p>Desde entonces qued\u00f3 detenido y pas\u00f3 a la c\u00e1rcel, muy complicado con las pruebas que lo vinculaban al brutal episodio. Principalmente, la gran cantidad de testigos presenciales que lo vieron apu\u00f1alar a Vanina.&nbsp;<\/p>\n\n\n\n<p>La v\u00edctima era una flamante licenciada en Psicolog\u00eda y ten\u00eda un hijo con su\u00a0asesino.\u00a0<\/p>\n\n\n\n<h2 class=\"wp-block-heading\">Fat\u00eddica seguidilla<\/h2>\n\n\n\n<p>Este&nbsp;<strong>femicidio&nbsp;<\/strong>fue el primero&nbsp;de tres&nbsp;en menos de una semana en Mendoza a fines del 2023. Setenta y dos&nbsp;horas despu\u00e9s a este hecho, en Luj\u00e1n de Cuyo&nbsp;Mal\u00e9n Ledesma (24) fue agredida fatalmente tambi\u00e9n con un arma blanca en la Ruta 82, zona de Cacheuta, por&nbsp;Iv\u00e1n Gabriel Ju\u00e1rez (25), un joven con el que hab\u00eda pasado el d\u00eda.&nbsp;<\/p>\n\n\n\n<p>El sujeto&nbsp;la tir\u00f3 en la banquina en la tarde del 8 de diciembre y se fug\u00f3 en una camioneta, aunque los efectivos&nbsp;lo capturaron minutos despu\u00e9s&nbsp;en Chacras de Coria.&nbsp;<\/p>\n\n\n\n<p>Para llegar al tercer caso en apenas seis\u00a0d\u00edas\u00a0hay que retrotraerse al domingo 3\u00a0de diciembre, cuando en un canal de San Carlos\u00a0hallaron el cuerpo de\u00a0Marlene Quiroga (30), trabajadora golondrina, madre de tres hijos y oriunda de\u00a0Pichanal,\u00a0Salta.<\/p>\n\n\n\n<p>En principio parec\u00eda una muerte\u00a0accidental, pero luego la autopsia revel\u00f3 que hab\u00eda sido golpeada y los investigadores\u00a0informaron\u00a0que la causa\u00a0ya se investigaba como un\u00a0<strong>femicidio.\u00a0<\/strong><\/p>\n\n\n\n<p><strong>Fuente: www.mdzol.com<\/strong><\/p>\n","protected":false},"excerpt":{"rendered":"<p>Acorralado por las pruebas y sin escapatoria de una\u00a0prisi\u00f3n perpetua, el autor de uno de los recientes\u00a0femicidios\u00a0en Mendoza confesar\u00e1 este mi\u00e9rcoles y ser\u00e1 condenado a la pena m\u00e1xima. Este cierre de la investigaci\u00f3n se dar\u00e1 en el marco de un juicio abreviado.\u00a0 Esteban Fernando Rodr\u00edguez (31), representado por un defensor oficial, reconocer\u00e1 en una de [&hellip;]<\/p>\n","protected":false},"author":2,"featured_media":7026,"comment_status":"open","ping_status":"open","sticky":false,"template":"","format":"standard","meta":[],"categories":[48],"tags":[],"_links":{"self":[{"href":"https:\/\/pasaenmendoza.com\/index.php?rest_route=\/wp\/v2\/posts\/7025"}],"collection":[{"href":"https:\/\/pasaenmendoza.com\/index.php?rest_route=\/wp\/v2\/posts"}],"about":[{"href":"https:\/\/pasaenmendoza.com\/index.php?rest_route=\/wp\/v2\/types\/post"}],"author":[{"embeddable":true,"href":"https:\/\/pasaenmendoza.com\/index.php?rest_route=\/wp\/v2\/users\/2"}],"replies":[{"embeddable":true,"href":"https:\/\/pasaenmendoza.com\/index.php?rest_route=%2Fwp%2Fv2%2Fcomments&post=7025"}],"version-history":[{"count":1,"href":"https:\/\/pasaenmendoza.com\/index.php?rest_route=\/wp\/v2\/posts\/7025\/revisions"}],"predecessor-version":[{"id":7027,"href":"https:\/\/pasaenmendoza.com\/index.php?rest_route=\/wp\/v2\/posts\/7025\/revisions\/7027"}],"wp:featuredmedia":[{"embeddable":true,"href":"https:\/\/pasaenmendoza.com\/index.php?rest_route=\/wp\/v2\/media\/7026"}],"wp:attachment":[{"href":"https:\/\/pasaenmendoza.com\/index.php?rest_route=%2Fwp%2Fv2%2Fmedia&parent=7025"}],"wp:term":[{"taxonomy":"category","embeddable":true,"href":"https:\/\/pasaenmendoza.com\/index.php?rest_route=%2Fwp%2Fv2%2Fcategories&post=7025"},{"taxonomy":"post_tag","embeddable":true,"href":"https:\/\/pasaenmendoza.com\/index.php?rest_route=%2Fwp%2Fv2%2Ftags&post=7025"}],"curies":[{"name":"wp","href":"https:\/\/api.w.org\/{rel}","templated":true}]}}