{"id":703,"date":"2023-08-15T15:09:19","date_gmt":"2023-08-15T13:09:19","guid":{"rendered":"https:\/\/pasaenmendoza.com\/?p=703"},"modified":"2023-08-15T15:09:20","modified_gmt":"2023-08-15T13:09:20","slug":"sigue-el-veranito-hoy-la-temperatura-llegara-a-los-25","status":"publish","type":"post","link":"https:\/\/pasaenmendoza.com\/?p=703","title":{"rendered":"Sigue el &#8220;veranito&#8221;: hoy la temperatura llegar\u00e1 a los 25\u00b0"},"content":{"rendered":"\n<p><strong>Este martes sigue el veranito\u00a0<\/strong>en pleno invierno, la temperatura ser\u00e1 agradable con cielo parcialmente nublado y hay brisa del Sur.\u00a0<\/p>\n\n\n\n<p>Seg\u00fan el pron\u00f3stico del Servicio Meteorol\u00f3gico Nacional, este martes la temperatura<strong>\u00a0m\u00ednima ser\u00e1 de 10\u00b0 mientras que la m\u00e1xima ser\u00e1 de 25\u00b0,<\/strong>\u00a0el sol acompa\u00f1ar\u00e1 todo el d\u00eda.\u00a0<\/p>\n\n\n\n<p>Para ma\u00f1ana mi\u00e9rcoles se espera un leve descenso de temperatura, con una m\u00e1xima de 23\u00b0, y los d\u00edas siguientes seguir\u00e1 bajando, pero algunos grados.\u00a0<\/p>\n\n\n\n<p>Hoy hay<strong>\u00a0brisa proveniente del Sur<\/strong>, pero a\u00fan as\u00ed no bajar\u00e1 la temperatura y ser\u00e1 el d\u00eda m\u00e1s c\u00e1lido de la semana.\u00a0<\/p>\n\n\n\n<p>El d\u00eda m\u00e1s fresco est\u00e1 previsto que sea este viernes, cuando la m\u00e1xima llegue a 16\u00b0.\u00a0<\/p>\n\n\n\n<p>Las marcas\u00a0<strong>m\u00ednimas se mantienen por debajo de los 10\u00b0.<\/strong>\u00a0<\/p>\n\n\n\n<p><strong>Fuente: www.mendozapost.com.ar<\/strong><\/p>\n","protected":false},"excerpt":{"rendered":"<p>Este martes sigue el veranito\u00a0en pleno invierno, la temperatura ser\u00e1 agradable con cielo parcialmente nublado y hay brisa del Sur.\u00a0 Seg\u00fan el pron\u00f3stico del Servicio Meteorol\u00f3gico Nacional, este martes la temperatura\u00a0m\u00ednima ser\u00e1 de 10\u00b0 mientras que la m\u00e1xima ser\u00e1 de 25\u00b0,\u00a0el sol acompa\u00f1ar\u00e1 todo el d\u00eda.\u00a0 Para ma\u00f1ana mi\u00e9rcoles se espera un leve descenso de [&hellip;]<\/p>\n","protected":false},"author":2,"featured_media":705,"comment_status":"open","ping_status":"open","sticky":false,"template":"","format":"standard","meta":[],"categories":[52],"tags":[],"_links":{"self":[{"href":"https:\/\/pasaenmendoza.com\/index.php?rest_route=\/wp\/v2\/posts\/703"}],"collection":[{"href":"https:\/\/pasaenmendoza.com\/index.php?rest_route=\/wp\/v2\/posts"}],"about":[{"href":"https:\/\/pasaenmendoza.com\/index.php?rest_route=\/wp\/v2\/types\/post"}],"author":[{"embeddable":true,"href":"https:\/\/pasaenmendoza.com\/index.php?rest_route=\/wp\/v2\/users\/2"}],"replies":[{"embeddable":true,"href":"https:\/\/pasaenmendoza.com\/index.php?rest_route=%2Fwp%2Fv2%2Fcomments&post=703"}],"version-history":[{"count":1,"href":"https:\/\/pasaenmendoza.com\/index.php?rest_route=\/wp\/v2\/posts\/703\/revisions"}],"predecessor-version":[{"id":706,"href":"https:\/\/pasaenmendoza.com\/index.php?rest_route=\/wp\/v2\/posts\/703\/revisions\/706"}],"wp:featuredmedia":[{"embeddable":true,"href":"https:\/\/pasaenmendoza.com\/index.php?rest_route=\/wp\/v2\/media\/705"}],"wp:attachment":[{"href":"https:\/\/pasaenmendoza.com\/index.php?rest_route=%2Fwp%2Fv2%2Fmedia&parent=703"}],"wp:term":[{"taxonomy":"category","embeddable":true,"href":"https:\/\/pasaenmendoza.com\/index.php?rest_route=%2Fwp%2Fv2%2Fcategories&post=703"},{"taxonomy":"post_tag","embeddable":true,"href":"https:\/\/pasaenmendoza.com\/index.php?rest_route=%2Fwp%2Fv2%2Ftags&post=703"}],"curies":[{"name":"wp","href":"https:\/\/api.w.org\/{rel}","templated":true}]}}