{"id":7037,"date":"2024-04-24T17:26:17","date_gmt":"2024-04-24T15:26:17","guid":{"rendered":"https:\/\/pasaenmendoza.com\/?p=7037"},"modified":"2024-04-24T17:26:18","modified_gmt":"2024-04-24T15:26:18","slug":"ulpiano-suarez-negocia-con-fayad-como-hara-el-gobierno-para-pagarle-el-atrasado-fondo-compensador","status":"publish","type":"post","link":"https:\/\/pasaenmendoza.com\/?p=7037","title":{"rendered":"Ulpiano Suarez negocia con Fayad c\u00f3mo har\u00e1 el Gobierno para pagarle el atrasado Fondo Compensador"},"content":{"rendered":"\n<p>El intendente citadino pretende que para cubrir la deuda la provincia le ceda dos terrenos: el del aut\u00f3dromo y un sector de la Base C\u00f3ndor<\/p>\n\n\n\n<p>La eterna disputa entre la comuna de Ciudad y el Gobierno provincial por el\u00a0<strong>Fondo Compensador, por la que el intendente Ulpiano Suarez amag\u00f3 con ir a la Justicia,<\/strong>\u00a0entr\u00f3 ahora en fase de negociaci\u00f3n. Este mi\u00e9rcoles se sentaron en una misma mesa el ministro de Hacienda,\u00a0<strong>V\u00edctor Fayad<\/strong>\u00a0y el equipo de Hacienda citadino para comenzar el<strong>\u00a0tire y afloje<\/strong>.<\/p>\n\n\n\n<p>Los representantes de Ciudad, comandados por la secretaria de la cartera,&nbsp;<strong>Patricia S\u00e1nchez<\/strong>, desplegar\u00e1n toda la documentaci\u00f3n para mostrar que aquel&nbsp;<strong>Fondo Compensador<\/strong>&nbsp;-que naci\u00f3 en 1996, cuando se cre\u00f3 el actual sistema de coparticipaci\u00f3n- qued\u00f3&nbsp;<strong>desactualizado<\/strong>.<\/p>\n\n\n\n<p>En ese entonces se pact\u00f3 para la Ciudad, que se ve\u00eda fuertemente perjudicada por los cambios,\u00a0<strong>una compensaci\u00f3n en suma fija<\/strong>\u00a0que representaba el\u00a0<strong>2,5% de la coparticipaci\u00f3n total.<\/strong><\/p>\n\n\n\n<p>Para aquel momento el monto era razonable, pero&nbsp;<strong>la inflaci\u00f3n cambi\u00f3 la historia<\/strong>. La \u00faltima vez que se actualiz\u00f3 esa suma fue&nbsp;<strong>hace 14 a\u00f1os<\/strong>, cuando V\u00edctor Fayad -padre del actual ministro- era el intendente de la Capital mendocina.&nbsp;<strong>Desde ese entonces hasta hoy qued\u00f3 congelado en $12,5 millones.<\/strong><\/p>\n\n\n\n<p>Por tanto, Suarez pretende que ese Fondo Compensador&nbsp;<strong>vuelva a representar el 2,5% de la coparticipaci\u00f3n total<\/strong>. En sus c\u00e1lculos actualizados a los montos actuales, deber\u00eda ser de&nbsp;<strong>$7.300 millones<\/strong>.<\/p>\n\n\n\n<p>En la previa de la reuni\u00f3n,\u00a0se\u00a0intent\u00f3 conocer cu\u00e1l ser\u00eda la contrapropuesta del Gobierno que Fayad llevar\u00eda bajo el brazo, pero el ministro\u00a0<strong>se neg\u00f3 a mostrar sus cartas<\/strong>. Sin embargo, previamente, en declaraciones medi\u00e1ticas hab\u00eda admitido el atraso del Fondo Compensador: &#8220;eso no es discutible&#8221;, asumi\u00f3 en aquel momento.<\/p>\n\n\n\n<h2 class=\"wp-block-heading\">Para compensar la deuda, Ulpiano quiere dos terrenos<\/h2>\n\n\n\n<p>La \u00faltima vez que el Fondo Compensador se actualiz\u00f3 fue en el 2010, durante la gesti\u00f3n de Celso Jaque. Desde entonces qued\u00f3 congelado en los mencionados\u00a0<strong>$12,5 millones<\/strong>, que es lo que se sigue pagando hasta la actualidad.<\/p>\n\n\n\n<p>Eso es lo que lo habilita a Suarez a&nbsp;<strong>exigirle al Gobierno una deuda por los 14 a\u00f1os en que no se lo actualiz\u00f3<\/strong>.<\/p>\n\n\n\n<p>&#8220;Lo que se est\u00e1 pidiendo por ese atraso son&nbsp;<strong>dos terrenos que a Ciudad le servir\u00edan para proyectos productivos y para generar empleo<\/strong>. Son las 15 hect\u00e1reas del&nbsp;<strong>ex aut\u00f3dromo de la zona oeste<\/strong>, en donde se est\u00e1 planeando hacer un parque solar, y otras 12,8 hect\u00e1reas de la&nbsp;<strong>zona sur de la Base C\u00f3ndor<\/strong>, en donde se proyecta levantar un barrio, porque es un sector que ya cuenta con todos los servicios&#8221;, confiaron desde Ciudad.<\/p>\n\n\n\n<h2 class=\"wp-block-heading\">C\u00f3mo se actualiza el monto del fondo para el 2025<\/h2>\n\n\n\n<p>Para la actualizaci\u00f3n del monto que se pague este a\u00f1o, el intendente de Ciudad pedir\u00e1 que se haga con dinero, pero no para gastos corrientes, ni para pagar sueldos, sino&nbsp;<strong>para costear algunos proyectos que estar\u00eda dispuesto a mostrarle a Fayad<\/strong>.<\/p>\n\n\n\n<p>En tanto que para la actualizaci\u00f3n que busca hacer para enero del 2025, fuentes de la comuna dijeron: &#8220;Consideramos que\u00a0<strong>ese fondo tiene que ser del 2,5% de la masa coparticipable.\u00a0<\/strong>Es probable que el Gobierno plantee que se actualice siguiendo el \u00edndice CER, que es el\u00a0<strong>Coeficiente de Estabilizaci\u00f3n de Referencia<\/strong>\u00a0que sigue la evoluci\u00f3n de la inflaci\u00f3n.\u00a0<strong>Eso es lo que vamos a sentarnos a negociar<\/strong>&#8220;, adelantaron desde Ciudad.<\/p>\n\n\n\n<p>FUENTE: Diariouno.com.ar <\/p>\n","protected":false},"excerpt":{"rendered":"<p>El intendente citadino pretende que para cubrir la deuda la provincia le ceda dos terrenos: el del aut\u00f3dromo y un sector de la Base C\u00f3ndor La eterna disputa entre la comuna de Ciudad y el Gobierno provincial por el\u00a0Fondo Compensador, por la que el intendente Ulpiano Suarez amag\u00f3 con ir a la Justicia,\u00a0entr\u00f3 ahora en [&hellip;]<\/p>\n","protected":false},"author":2,"featured_media":7038,"comment_status":"open","ping_status":"open","sticky":true,"template":"","format":"standard","meta":[],"categories":[47],"tags":[],"_links":{"self":[{"href":"https:\/\/pasaenmendoza.com\/index.php?rest_route=\/wp\/v2\/posts\/7037"}],"collection":[{"href":"https:\/\/pasaenmendoza.com\/index.php?rest_route=\/wp\/v2\/posts"}],"about":[{"href":"https:\/\/pasaenmendoza.com\/index.php?rest_route=\/wp\/v2\/types\/post"}],"author":[{"embeddable":true,"href":"https:\/\/pasaenmendoza.com\/index.php?rest_route=\/wp\/v2\/users\/2"}],"replies":[{"embeddable":true,"href":"https:\/\/pasaenmendoza.com\/index.php?rest_route=%2Fwp%2Fv2%2Fcomments&post=7037"}],"version-history":[{"count":1,"href":"https:\/\/pasaenmendoza.com\/index.php?rest_route=\/wp\/v2\/posts\/7037\/revisions"}],"predecessor-version":[{"id":7039,"href":"https:\/\/pasaenmendoza.com\/index.php?rest_route=\/wp\/v2\/posts\/7037\/revisions\/7039"}],"wp:featuredmedia":[{"embeddable":true,"href":"https:\/\/pasaenmendoza.com\/index.php?rest_route=\/wp\/v2\/media\/7038"}],"wp:attachment":[{"href":"https:\/\/pasaenmendoza.com\/index.php?rest_route=%2Fwp%2Fv2%2Fmedia&parent=7037"}],"wp:term":[{"taxonomy":"category","embeddable":true,"href":"https:\/\/pasaenmendoza.com\/index.php?rest_route=%2Fwp%2Fv2%2Fcategories&post=7037"},{"taxonomy":"post_tag","embeddable":true,"href":"https:\/\/pasaenmendoza.com\/index.php?rest_route=%2Fwp%2Fv2%2Ftags&post=7037"}],"curies":[{"name":"wp","href":"https:\/\/api.w.org\/{rel}","templated":true}]}}