{"id":7040,"date":"2024-04-24T23:23:20","date_gmt":"2024-04-24T21:23:20","guid":{"rendered":"https:\/\/pasaenmendoza.com\/?p=7040"},"modified":"2024-04-24T23:39:25","modified_gmt":"2024-04-24T21:39:25","slug":"desde-el-viernes-el-peaje-en-la-paz-sube-200-tanto-para-autos-como-para-camiones","status":"publish","type":"post","link":"https:\/\/pasaenmendoza.com\/?p=7040","title":{"rendered":"Desde el viernes el peaje en La Paz sube 200% tanto para autos como para camiones"},"content":{"rendered":"\n<p><strong>El&nbsp;peaje de La Paz&nbsp;-como el todos&nbsp;<\/strong>los corredores viales nacionales y los de la Ciudad de Buenos Aires-&nbsp;<strong>aumentar\u00e1n un 200% desde este viernes 26 de abril<\/strong>, de acuerdo a lo establecido en la Resoluci\u00f3n 66\/2024 publicada este mi\u00e9rcoles en el Bolet\u00edn Oficial.<\/p>\n\n\n\n<p>Tras haber cumplimentado el proceso de participaci\u00f3n ciudadana,&nbsp;<strong>Vialidad Nacional aprob\u00f3 la puesta en marcha de los nuevos cuadros tarifarios<\/strong>&nbsp;para los tramos I a X de rutas nacionales, concesionados por la empresa Corredores Viales S.A<\/p>\n\n\n\n<p>La actualizaci\u00f3n tarifaria&nbsp;<strong>elevar\u00e1 el costo del peaje para autos de $300 a $900&nbsp;<\/strong>en hora pico para accesos a CABA (Autopista Riccheri\u2013Ezeiza\u2013Ca\u00f1uelas) y en cualquier franja horaria para el resto de los tramos ubicados en La Pampa, Santa Fe, C\u00f3rdoba, San Luis,&nbsp;<strong>Mendoza<\/strong>, Corrientes, Chaco, Misiones, Santiago del Estero, Tucum\u00e1n, Salta y Jujuy.<\/p>\n\n\n\n<p>El texto oficial determin\u00f3 que los cuadros tarifarios aprobados \u201ctendr\u00e1n vigencia a partir de darse a conocer a los usuarios a trav\u00e9s de su publicaci\u00f3n durante dos d\u00edas corridos, en por lo menos dos de los principales medios period\u00edsticos de la zona de influencia, de manera previa a su aplicaci\u00f3n\u201d, por lo que empezar\u00e1n a regir&nbsp;<strong>desde este viernes 26 de abril a las 00 horas.<\/strong><\/p>\n\n\n\n<p>Desde Vialidad explicaron que \u201cla actualizaci\u00f3n tarifaria de los peajes obedece al&nbsp;<strong>aumento considerable registrado en la variaci\u00f3n de precios de ciertos componentes principales de los rubros de explotaci\u00f3n, conservaci\u00f3n y mantenimiento y servicios de apoyo<\/strong>, que inciden en el nivel de prestaci\u00f3n de los servicios al usuario\u201d y recordaron que \u201cla \u00faltima actualizaci\u00f3n hab\u00eda sido realizada en noviembre de 2023\u201d.<\/p>\n\n\n\n<p>Adem\u00e1s, anticiparon que habr\u00e1 un nuevo aumento en junio indicando que \u201cseg\u00fan un nuevo lineamiento del Gobierno nacional,<strong>&nbsp;a partir del mes de junio se efectuar\u00e1 un procedimiento de revisi\u00f3n mensual tarifaria<\/strong>&nbsp;a fin de evitar atrasos que puedan afectar la prestaci\u00f3n de servicios en los corredores viales en cuesti\u00f3n\u201d.<\/p>\n\n\n\n<h2 class=\"wp-block-heading\">Los nuevos valores en rutas nacionales<\/h2>\n\n\n\n<ul>\n<li>Veh\u00edculos de hasta 2 ejes y hasta 2,10 metros de altura: $900 (antes $300)<\/li>\n\n\n\n<li>Veh\u00edculos de hasta 2 ejes y m\u00e1s de 2,10 metros de altura o rueda doble: $1800 (antes $600)<\/li>\n\n\n\n<li>Veh\u00edculos de 3 o 4 ejes y hasta 2,10 metros de altura: $1800 (antes $600)<\/li>\n\n\n\n<li>Veh\u00edculos de 3 o 4 ejes y m\u00e1s de 2,10 metros de altura o rueda doble: $2700 (antes $900)<\/li>\n\n\n\n<li>Veh\u00edculos de 5 o 6 ejes: $3600 (antes $1200)<\/li>\n\n\n\n<li>Veh\u00edculos de m\u00e1s de 6 ejes: $4500 (antes $1500)<\/li>\n<\/ul>\n\n\n\n<h3 class=\"wp-block-heading\">Los corredores que aumentan sus peajes<\/h3>\n\n\n\n<ul>\n<li>Corredor I (Santiago del Estero, Tucum\u00e1n, Salta y Jujuy): &#8211; Fern\u00e1ndez, &#8211; La Florida, &#8211; Molle Yaco &#8211; Cabeza de Buey<\/li>\n\n\n\n<li>Corredor II (Provincia de Buenos Aires); &#8211; Jun\u00edn<\/li>\n\n\n\n<li>Corredor III (Chaco, Corrientes, Misiones): Colonia Victoria &#8211; Santa Ana &#8211; Ituzaing\u00f3 &#8211; Riachuelo &#8211; Gral. Belgrano &#8211; Makall\u00e9<\/li>\n\n\n\n<li>Corredor IV (San Luis, C\u00f3rdoba, Santa Fe, Buenos Aires)<strong><\/strong>&#8211; Larena &#8211; Sol\u00eds &#8211; Venado Tuerto &#8211; Sampacho<\/li>\n\n\n\n<li>Corredor V (Santa Fe, C\u00f3rdoba y Santiago del Estero) &#8211; San Vicente &#8211; Ceres &#8211; Franck &#8211; Devoto<\/li>\n\n\n\n<li>Corredor VI (Buenos Aires, Santa Fe y C\u00f3rdoba) &#8211; Z\u00e1rate &#8211; Gral. Lagos &#8211; Carcara\u00f1\u00e1 &#8211; James Craik<\/li>\n\n\n\n<li>Corredor VII (Buenos Aires) &#8211; Vasconia &#8211; Uribelarrea &#8211; Hinojo &#8211; El Dorado &#8211; Ca\u00f1uelas<\/li>\n\n\n\n<li>Corredor VIII (Mendoza, C\u00f3rdoba, Santa Fe y Buenos Aires) &#8211; Villa Espil &#8211; Vicu\u00f1a Mackenna &#8211; La paz &#8211; Jun\u00edn<\/li>\n\n\n\n<li>Corredor IX (Buenos Aires) &#8211; Boulogne Sur Mer &#8211; Mercado Central &#8211; Monte Grande &#8211; Ezeiza &#8211; Trist\u00e1n Su\u00e1rez &#8211; Riccheri &#8211; Donovan<\/li>\n\n\n\n<li>Corredor X (La Pampa y Buenos Aires) &#8211; Trenque Lauquen &#8211; Olivera &#8211; 9 de Julio<\/li>\n<\/ul>\n\n\n\n<p>Las nuevas tarifas en Autopista Ricchieri desde abril:<\/p>\n\n\n\n<ul>\n<li>Motocicletas: $350<\/li>\n\n\n\n<li>Veh\u00edculos de hasta 2 ejes y hasta 2,10 metros de altura: $700 (y $900 en hora pico)<\/li>\n\n\n\n<li>Veh\u00edculos de hasta 2 ejes y m\u00e1s de 2,10 metros de altura o rueda doble: $1400 (y $1800 en hora pico)<\/li>\n\n\n\n<li>Veh\u00edculos de 3 o 4 ejes y hasta 2,10 metros de altura: $1400 (y $1800 en hora pico)<\/li>\n\n\n\n<li>Veh\u00edculos de 3 o 4 ejes y m\u00e1s de 2,10 metros de altura o rueda doble: $2100 (y $2700 en hora pico)<\/li>\n\n\n\n<li>Veh\u00edculos de 5 o 6 ejes: $2800 (y $3600 en hora pico)<\/li>\n\n\n\n<li>Veh\u00edculos de m\u00e1s de 6 ejes: $3500 (y $4500 en hora pico)<\/li>\n<\/ul>\n\n\n\n<p><strong>Fuente: www.diariouno.com.ar<\/strong><\/p>\n","protected":false},"excerpt":{"rendered":"<p>El&nbsp;peaje de La Paz&nbsp;-como el todos&nbsp;los corredores viales nacionales y los de la Ciudad de Buenos Aires-&nbsp;aumentar\u00e1n un 200% desde este viernes 26 de abril, de acuerdo a lo establecido en la Resoluci\u00f3n 66\/2024 publicada este mi\u00e9rcoles en el Bolet\u00edn Oficial. Tras haber cumplimentado el proceso de participaci\u00f3n ciudadana,&nbsp;Vialidad Nacional aprob\u00f3 la puesta en marcha [&hellip;]<\/p>\n","protected":false},"author":2,"featured_media":7041,"comment_status":"open","ping_status":"open","sticky":false,"template":"","format":"standard","meta":[],"categories":[79],"tags":[],"_links":{"self":[{"href":"https:\/\/pasaenmendoza.com\/index.php?rest_route=\/wp\/v2\/posts\/7040"}],"collection":[{"href":"https:\/\/pasaenmendoza.com\/index.php?rest_route=\/wp\/v2\/posts"}],"about":[{"href":"https:\/\/pasaenmendoza.com\/index.php?rest_route=\/wp\/v2\/types\/post"}],"author":[{"embeddable":true,"href":"https:\/\/pasaenmendoza.com\/index.php?rest_route=\/wp\/v2\/users\/2"}],"replies":[{"embeddable":true,"href":"https:\/\/pasaenmendoza.com\/index.php?rest_route=%2Fwp%2Fv2%2Fcomments&post=7040"}],"version-history":[{"count":2,"href":"https:\/\/pasaenmendoza.com\/index.php?rest_route=\/wp\/v2\/posts\/7040\/revisions"}],"predecessor-version":[{"id":7052,"href":"https:\/\/pasaenmendoza.com\/index.php?rest_route=\/wp\/v2\/posts\/7040\/revisions\/7052"}],"wp:featuredmedia":[{"embeddable":true,"href":"https:\/\/pasaenmendoza.com\/index.php?rest_route=\/wp\/v2\/media\/7041"}],"wp:attachment":[{"href":"https:\/\/pasaenmendoza.com\/index.php?rest_route=%2Fwp%2Fv2%2Fmedia&parent=7040"}],"wp:term":[{"taxonomy":"category","embeddable":true,"href":"https:\/\/pasaenmendoza.com\/index.php?rest_route=%2Fwp%2Fv2%2Fcategories&post=7040"},{"taxonomy":"post_tag","embeddable":true,"href":"https:\/\/pasaenmendoza.com\/index.php?rest_route=%2Fwp%2Fv2%2Ftags&post=7040"}],"curies":[{"name":"wp","href":"https:\/\/api.w.org\/{rel}","templated":true}]}}