{"id":7046,"date":"2024-04-24T23:30:38","date_gmt":"2024-04-24T21:30:38","guid":{"rendered":"https:\/\/pasaenmendoza.com\/?p=7046"},"modified":"2024-04-24T23:30:40","modified_gmt":"2024-04-24T21:30:40","slug":"intensifican-la-vacunacion-obligatoria-en-la-provincia-de-mendoza","status":"publish","type":"post","link":"https:\/\/pasaenmendoza.com\/?p=7046","title":{"rendered":"Intensifican la vacunaci\u00f3n obligatoria en la provincia de Mendoza"},"content":{"rendered":"\n<p>El Gobierno de Mendoza anunci\u00f3 una intensificaci\u00f3n en el proceso de&nbsp;<strong>vacunaci\u00f3n<\/strong>&nbsp;obligatoria, enfoc\u00e1ndose especialmente en los grupos de adultos y aquellos considerados de&nbsp;<strong>riesgo<\/strong>. Iris Aguilar, titular de Inmunizaciones, subray\u00f3 la importancia de esta medida, recordando la existencia de&nbsp;<strong>enfermedades&nbsp;<\/strong>latentes en la regi\u00f3n y la necesidad de estar preparados para enfrentarlas.<\/p>\n\n\n\n<p>Con la llegada de los d\u00edas fr\u00edos, Aguilar ha hecho un llamado urgente a los grupos alcanzados por esta campa\u00f1a para que se vacunen contra las enfermedades respiratorias. Esta acci\u00f3n preventiva busca proteger la salud de la poblaci\u00f3n y evitar la propagaci\u00f3n de enfermedades que podr\u00edan agravarse durante la temporada de bajas temperaturas.<\/p>\n\n\n\n<p>La\u00a0<strong>vacunaci\u00f3n<\/strong>\u00a0obligatoria es una medida crucial para garantizar la salud p\u00fablica y prevenir brotes de enfermedades, especialmente en momentos en los que se atraviesan desaf\u00edos sanitarios significativos. El Gobierno insta a todos los ciudadanos elegibles a participar activamente en este proceso, contribuyendo as\u00ed al bienestar colectivo de la sociedad.<\/p>\n\n\n\n<p><strong>Fuente: www.diariomendoza.com.ar<\/strong><\/p>\n","protected":false},"excerpt":{"rendered":"<p>El Gobierno de Mendoza anunci\u00f3 una intensificaci\u00f3n en el proceso de&nbsp;vacunaci\u00f3n&nbsp;obligatoria, enfoc\u00e1ndose especialmente en los grupos de adultos y aquellos considerados de&nbsp;riesgo. Iris Aguilar, titular de Inmunizaciones, subray\u00f3 la importancia de esta medida, recordando la existencia de&nbsp;enfermedades&nbsp;latentes en la regi\u00f3n y la necesidad de estar preparados para enfrentarlas. Con la llegada de los d\u00edas fr\u00edos, [&hellip;]<\/p>\n","protected":false},"author":2,"featured_media":7047,"comment_status":"open","ping_status":"open","sticky":false,"template":"","format":"standard","meta":[],"categories":[58],"tags":[],"_links":{"self":[{"href":"https:\/\/pasaenmendoza.com\/index.php?rest_route=\/wp\/v2\/posts\/7046"}],"collection":[{"href":"https:\/\/pasaenmendoza.com\/index.php?rest_route=\/wp\/v2\/posts"}],"about":[{"href":"https:\/\/pasaenmendoza.com\/index.php?rest_route=\/wp\/v2\/types\/post"}],"author":[{"embeddable":true,"href":"https:\/\/pasaenmendoza.com\/index.php?rest_route=\/wp\/v2\/users\/2"}],"replies":[{"embeddable":true,"href":"https:\/\/pasaenmendoza.com\/index.php?rest_route=%2Fwp%2Fv2%2Fcomments&post=7046"}],"version-history":[{"count":1,"href":"https:\/\/pasaenmendoza.com\/index.php?rest_route=\/wp\/v2\/posts\/7046\/revisions"}],"predecessor-version":[{"id":7048,"href":"https:\/\/pasaenmendoza.com\/index.php?rest_route=\/wp\/v2\/posts\/7046\/revisions\/7048"}],"wp:featuredmedia":[{"embeddable":true,"href":"https:\/\/pasaenmendoza.com\/index.php?rest_route=\/wp\/v2\/media\/7047"}],"wp:attachment":[{"href":"https:\/\/pasaenmendoza.com\/index.php?rest_route=%2Fwp%2Fv2%2Fmedia&parent=7046"}],"wp:term":[{"taxonomy":"category","embeddable":true,"href":"https:\/\/pasaenmendoza.com\/index.php?rest_route=%2Fwp%2Fv2%2Fcategories&post=7046"},{"taxonomy":"post_tag","embeddable":true,"href":"https:\/\/pasaenmendoza.com\/index.php?rest_route=%2Fwp%2Fv2%2Ftags&post=7046"}],"curies":[{"name":"wp","href":"https:\/\/api.w.org\/{rel}","templated":true}]}}