{"id":7049,"date":"2024-04-24T23:36:37","date_gmt":"2024-04-24T21:36:37","guid":{"rendered":"https:\/\/pasaenmendoza.com\/?p=7049"},"modified":"2024-04-24T23:36:38","modified_gmt":"2024-04-24T21:36:38","slug":"padres-de-chicos-del-isep-intoxicados-piden-saber-que-los-enfermo","status":"publish","type":"post","link":"https:\/\/pasaenmendoza.com\/?p=7049","title":{"rendered":"Padres de chicos del ISEP intoxicados piden saber qu\u00e9 los enferm\u00f3"},"content":{"rendered":"\n<p>Durante el fin de semana,\u00a0<strong>alumnos<\/strong>\u00a0de los primeros a\u00f1os de primaria del<strong>\u00a0colegio ISEP (Instituto Superior de Ense\u00f1anza Privada)<\/strong>, ubicado en calle Perito Moreno de<strong>\u00a0Godoy Cruz<\/strong>, sufrieron una\u00a0<strong>intoxicaci\u00f3n<\/strong>\u00a0y a\u00fan no est\u00e1n claras las causas.<\/p>\n\n\n\n<p>Tanto la<strong>&nbsp;Direcci\u00f3n General de Escuelas<\/strong>&nbsp;como el colegio emitieron comunicados llevando tranquilidad a las familias. Sin embargo, hay padres que piden saber qu\u00e9 fue lo que ocurri\u00f3.<\/p>\n\n\n\n<p>Seg\u00fan el relato de la familia de un alumno (se preserva su identidad por ser menor de edad), el ni\u00f1o comenz\u00f3 con malestar en la noche del viernes. Ten\u00eda fiebre, desgano y vomit\u00f3 durante toda la madrugada. En el grupo de Whatsapp de padres de los chicos del grado empezaron a reportar casos similares en sus casas, con sus hijos. Luego, afirman que la situaci\u00f3n se ampli\u00f3 ya que estaban afectados ni\u00f1os de otros grados, todos del turno tarde.&nbsp;<\/p>\n\n\n\n<p>La familia del ni\u00f1o cont\u00f3 que el diagn\u00f3stico fue gastroenteritis aguda viral. Los m\u00e9dicos les informaron que estiman que<strong>\u00a0el foco puede estar en el agua o en la comida<\/strong>\u00a0que han consumido en el establecimiento. La prescripci\u00f3n m\u00e9dica fue que los miembros del hogar eviten el contacto entre ellos dentro de la casa y no compartan ning\u00fan utensilio.<\/p>\n\n\n\n<p>Qu\u00e9 dicen las autoridades<\/p>\n\n\n\n<p>El colegio envi\u00f3 un comunicado a los padres reportando que este martes retomaron las actividades con normalidad. Detallaron que el\u00a0<strong>Inspector del Departamento de Higiene de los Alimentos del Ministerio de Salud, Mart\u00edn Sardi,<\/strong>\u00a0tom\u00f3 muestras de agua para analizar. Tambi\u00e9n reportaron que la\u00a0<strong>doctora Carolina Aguirre y la doctora Negri de la Direcci\u00f3n de Epidemiolog\u00eda<\/strong>\u00a0asistieron al establecimiento para informarse sobre la situaci\u00f3n y profundizaron tareas de limpieza de sanitarios, salones y espacios comunes.<\/p>\n\n\n\n<p>Respecto a las causas de la intoxicaci\u00f3n, informaron que a\u00fan se desconocen ya que los resultados de los an\u00e1lisis no son inmediatos y reci\u00e9n tendr\u00e1n esta informaci\u00f3n en los pr\u00f3ximos d\u00edas.<\/p>\n\n\n\n<figure class=\"wp-block-image\"><img decoding=\"async\" src=\"https:\/\/www.mendozapost.com\/files\/image\/564\/564605\/6628271fab9f8.jpg\" alt=\"\"\/><figcaption class=\"wp-element-caption\">El comunicado que envi\u00f3 el colegio a los padres.<\/figcaption><\/figure>\n\n\n\n<p><strong>Fuente: mendozapost.com<\/strong><\/p>\n","protected":false},"excerpt":{"rendered":"<p>Durante el fin de semana,\u00a0alumnos\u00a0de los primeros a\u00f1os de primaria del\u00a0colegio ISEP (Instituto Superior de Ense\u00f1anza Privada), ubicado en calle Perito Moreno de\u00a0Godoy Cruz, sufrieron una\u00a0intoxicaci\u00f3n\u00a0y a\u00fan no est\u00e1n claras las causas. Tanto la&nbsp;Direcci\u00f3n General de Escuelas&nbsp;como el colegio emitieron comunicados llevando tranquilidad a las familias. Sin embargo, hay padres que piden saber qu\u00e9 fue [&hellip;]<\/p>\n","protected":false},"author":2,"featured_media":7050,"comment_status":"open","ping_status":"open","sticky":false,"template":"","format":"standard","meta":[],"categories":[50],"tags":[],"_links":{"self":[{"href":"https:\/\/pasaenmendoza.com\/index.php?rest_route=\/wp\/v2\/posts\/7049"}],"collection":[{"href":"https:\/\/pasaenmendoza.com\/index.php?rest_route=\/wp\/v2\/posts"}],"about":[{"href":"https:\/\/pasaenmendoza.com\/index.php?rest_route=\/wp\/v2\/types\/post"}],"author":[{"embeddable":true,"href":"https:\/\/pasaenmendoza.com\/index.php?rest_route=\/wp\/v2\/users\/2"}],"replies":[{"embeddable":true,"href":"https:\/\/pasaenmendoza.com\/index.php?rest_route=%2Fwp%2Fv2%2Fcomments&post=7049"}],"version-history":[{"count":1,"href":"https:\/\/pasaenmendoza.com\/index.php?rest_route=\/wp\/v2\/posts\/7049\/revisions"}],"predecessor-version":[{"id":7051,"href":"https:\/\/pasaenmendoza.com\/index.php?rest_route=\/wp\/v2\/posts\/7049\/revisions\/7051"}],"wp:featuredmedia":[{"embeddable":true,"href":"https:\/\/pasaenmendoza.com\/index.php?rest_route=\/wp\/v2\/media\/7050"}],"wp:attachment":[{"href":"https:\/\/pasaenmendoza.com\/index.php?rest_route=%2Fwp%2Fv2%2Fmedia&parent=7049"}],"wp:term":[{"taxonomy":"category","embeddable":true,"href":"https:\/\/pasaenmendoza.com\/index.php?rest_route=%2Fwp%2Fv2%2Fcategories&post=7049"},{"taxonomy":"post_tag","embeddable":true,"href":"https:\/\/pasaenmendoza.com\/index.php?rest_route=%2Fwp%2Fv2%2Ftags&post=7049"}],"curies":[{"name":"wp","href":"https:\/\/api.w.org\/{rel}","templated":true}]}}