{"id":7053,"date":"2024-04-25T14:26:21","date_gmt":"2024-04-25T12:26:21","guid":{"rendered":"https:\/\/pasaenmendoza.com\/?p=7053"},"modified":"2024-04-25T14:26:23","modified_gmt":"2024-04-25T12:26:23","slug":"como-sigue-la-denuncia-a-jimena-latorre-en-la-oficina-de-etica-publica","status":"publish","type":"post","link":"https:\/\/pasaenmendoza.com\/?p=7053","title":{"rendered":"C\u00f3mo sigue la denuncia a Jimena Latorre en la Oficina de \u00c9tica P\u00fablica"},"content":{"rendered":"\n<p>Dirigentes de la oposici\u00f3n denunciaron a la ministra de Energ\u00eda y Ambiente por incompatibilidad de roles porque forma parte del directorio de YPF. Cu\u00e1ndo habr\u00e1 una resoluci\u00f3n.<\/p>\n\n\n\n<p>El viernes, cuatro dirigentes de la oposici\u00f3n denunciaron en la\u00a0<strong>Oficina\u00a0de \u00c9tica P\u00fablica<\/strong>\u00a0a la ministra de Energ\u00eda y Ambiente,\u00a0<strong>Jimena Latorre<\/strong>, por incompatibilidad y conflicto de intereses en su doble rol de funcionaria de Alfredo Cornejo y directora de YPF. Adem\u00e1s, solicitaron al auditor que determine si hay lugar para denunciar a la sanrafaelina por negociaciones incompatibles con el ejercicio de las funciones p\u00fablicas.\u00a0<\/p>\n\n\n\n<p>La\u00a0<strong>denuncia\u00a0<\/strong>ingres\u00f3 el viernes a la\u00a0<strong>Oficina\u00a0<\/strong>a cargo de Gabriel Balsells Mir\u00f3 y el lunes fue ratificada. Ahora, los exsenadores del FIT, Lautaro Jim\u00e9nez y V\u00edctor da Vila, el exsenador del Partido Verde, Marcelo Romano y el actual diputado de LAUM, Jorge Difonso, deben esperar la resoluci\u00f3n del organismo de control.\u00a0<\/p>\n\n\n\n<p>\u201cLa\u00a0<strong>denuncia\u00a0<\/strong>ya fue presentada y firmada,\u00a0 la ratificaron ayer en la\u00a0<strong>Oficina de \u00c9tica P\u00fablica<\/strong>, ahora debe dictaminar este organismo y nosotros estamos preparando los recursos judiciales\u201d, explic\u00f3 el exlegislador, Lautaro Jim\u00e9nez.\u00a0<\/p>\n\n\n\n<p>La pregunta es, \u00bfcu\u00e1nto tiempo puede demorar la\u00a0<strong>Oficina de \u00c9tica P\u00fablica<\/strong>\u00a0en resolver? La realidad es que no hay plazos certeros. \u201cNo nos dieron un plazo de respuesta, pero estimamos que ser\u00e1 de d\u00edas o semanas. Nosotros igualmente ya estamos preparando las medidas judiciales\u201d, se\u00f1al\u00f3 Jim\u00e9nez.\u00a0<\/p>\n\n\n\n<p>Desde la<strong>\u00a0Oficina de \u00c9tica P\u00fablica<\/strong>, aseguraron que la\u00a0<strong>denuncia\u00a0<\/strong>ya fue elevada y que est\u00e1 siendo \u201csustanciada por la Direcci\u00f3n de Investigaciones Administrativas\u201d. Adem\u00e1s, informaron que est\u00e1 bajo secreto de sumario.\u00a0<\/p>\n\n\n\n<h2 class=\"wp-block-heading\">Qu\u00e9 dice la ley<\/h2>\n\n\n\n<p>La ley 8993 regula la responsabilidad en el ejercicio de la funci\u00f3n p\u00fablica. En el apartado sobre la autoridad de aplicaci\u00f3n habla sobre las denuncias. El auditor tiene la posibilidad de no dar tr\u00e1mite a la\u00a0<strong>denuncia\u00a0<\/strong>si carece de fundamentos, pretensi\u00f3n o si los hechos denunciados est\u00e1n pendientes de una decisi\u00f3n judicial. En el caso de la\u00a0<strong>denuncia\u00a0<\/strong>a\u00a0<strong>Jimena Latorre<\/strong>, el auditor dio entrada.<\/p>\n\n\n\n<p>Ahora, est\u00e1 en manos de Gabriel Balsells Mir\u00f3 la investigaci\u00f3n de la denuncia. \u201cLas investigaciones ser\u00e1n promovidas de oficio por el auditor de la\u00a0<strong>Oficina de\u00a0\u00c9tica P\u00fablica<\/strong>\u201d, expresa la ley en el art\u00edculo 30. Y agrega que los \u201csumarios se formar\u00e1n por el solo impulso de la repartici\u00f3n\u201d.\u00a0\u00a0<\/p>\n\n\n\n<p>Con respecto al secreto de sumario, la ley dice: \u201cEl secreto perdurar\u00e1 hasta el momento de la clausura del proceso investigado, pero no podr\u00e1 exceder el plazo de un mes\u201d. Sin embargo, no habla de plazos para que la auditor\u00eda resuelva la denuncia.&nbsp;<\/p>\n\n\n\n<p>Ante la posibilidad de que los tiempos se dilaten y la\u00a0<strong>denuncia\u00a0<\/strong>no tenga consecuencias, Marcelo Romano adelant\u00f3 que presentar\u00e1n un pronto despacho en los pr\u00f3ximos d\u00edas y que ir\u00e1n todas las semanas a la\u00a0<strong>Oficina de \u00c9tica P\u00fablica<\/strong>\u00a0para conocer el avance del caso.<\/p>\n\n\n\n<p>FUENTE: MDZonline.<\/p>\n","protected":false},"excerpt":{"rendered":"<p>Dirigentes de la oposici\u00f3n denunciaron a la ministra de Energ\u00eda y Ambiente por incompatibilidad de roles porque forma parte del directorio de YPF. Cu\u00e1ndo habr\u00e1 una resoluci\u00f3n. El viernes, cuatro dirigentes de la oposici\u00f3n denunciaron en la\u00a0Oficina\u00a0de \u00c9tica P\u00fablica\u00a0a la ministra de Energ\u00eda y Ambiente,\u00a0Jimena Latorre, por incompatibilidad y conflicto de intereses en su doble [&hellip;]<\/p>\n","protected":false},"author":2,"featured_media":7054,"comment_status":"open","ping_status":"open","sticky":true,"template":"","format":"standard","meta":[],"categories":[47],"tags":[],"_links":{"self":[{"href":"https:\/\/pasaenmendoza.com\/index.php?rest_route=\/wp\/v2\/posts\/7053"}],"collection":[{"href":"https:\/\/pasaenmendoza.com\/index.php?rest_route=\/wp\/v2\/posts"}],"about":[{"href":"https:\/\/pasaenmendoza.com\/index.php?rest_route=\/wp\/v2\/types\/post"}],"author":[{"embeddable":true,"href":"https:\/\/pasaenmendoza.com\/index.php?rest_route=\/wp\/v2\/users\/2"}],"replies":[{"embeddable":true,"href":"https:\/\/pasaenmendoza.com\/index.php?rest_route=%2Fwp%2Fv2%2Fcomments&post=7053"}],"version-history":[{"count":1,"href":"https:\/\/pasaenmendoza.com\/index.php?rest_route=\/wp\/v2\/posts\/7053\/revisions"}],"predecessor-version":[{"id":7055,"href":"https:\/\/pasaenmendoza.com\/index.php?rest_route=\/wp\/v2\/posts\/7053\/revisions\/7055"}],"wp:featuredmedia":[{"embeddable":true,"href":"https:\/\/pasaenmendoza.com\/index.php?rest_route=\/wp\/v2\/media\/7054"}],"wp:attachment":[{"href":"https:\/\/pasaenmendoza.com\/index.php?rest_route=%2Fwp%2Fv2%2Fmedia&parent=7053"}],"wp:term":[{"taxonomy":"category","embeddable":true,"href":"https:\/\/pasaenmendoza.com\/index.php?rest_route=%2Fwp%2Fv2%2Fcategories&post=7053"},{"taxonomy":"post_tag","embeddable":true,"href":"https:\/\/pasaenmendoza.com\/index.php?rest_route=%2Fwp%2Fv2%2Ftags&post=7053"}],"curies":[{"name":"wp","href":"https:\/\/api.w.org\/{rel}","templated":true}]}}