{"id":7059,"date":"2024-04-25T14:35:20","date_gmt":"2024-04-25T12:35:20","guid":{"rendered":"https:\/\/pasaenmendoza.com\/?p=7059"},"modified":"2024-04-25T14:35:22","modified_gmt":"2024-04-25T12:35:22","slug":"aumentaron-asignaciones-familiares-de-empleados-publicos-en-mendoza","status":"publish","type":"post","link":"https:\/\/pasaenmendoza.com\/?p=7059","title":{"rendered":"Aumentaron asignaciones familiares de empleados p\u00fablicos en Mendoza"},"content":{"rendered":"\n<p>El gobernador\u00a0Alfredo Cornejo\u00a0dispuso una\u00a0<strong>actualizaci\u00f3n del valor de las asignaciones familiares<\/strong>\u00a0que perciben los empleados p\u00fablicos de la Administraci\u00f3n Central, retroactivo al\u00a0<strong>1 de abril\u00a0<\/strong>de este a\u00f1o.<\/p>\n\n\n\n<p>&#8220;Disp\u00f3ngase un incremento en las asignaciones familiares de los agentes de la Administraci\u00f3n P\u00fablica Provincial a partir del 01 de abril de 2024&#8221;, dice el decreto firmado ayer y publicado hoy.<\/p>\n\n\n\n<p>Las asignaciones familiares que cobra los agentes estatales est\u00e1n previstas en la\u00a0<strong>Ley 7377<\/strong>, otorgando beneficios sociales a los empleados de la Administraci\u00f3n P\u00fablica que posean cargas de familia.<\/p>\n\n\n\n<p>Sobre los nuevos montos a cobrar, en el anexo del decreto se estableci\u00f3 que se pagar\u00e1<strong>&nbsp;$20.000&nbsp;<\/strong>por contraer matrimonio,&nbsp;<strong>$10.000<\/strong>&nbsp;ante un nacimiento,<strong>&nbsp;$60.000<\/strong>&nbsp;por adopci\u00f3n,&nbsp;<strong>$1.000<\/strong>&nbsp;por c\u00f3nyuge,&nbsp;<strong>$24.000<\/strong>&nbsp;en ayuda escolar para hijo con discapacidad, y tambi\u00e9n&nbsp;<strong>$24.000<\/strong>&nbsp;en ayuda escolar en general salvo para empleados que cobren m\u00e1s de $1.348.392 de salario.<\/p>\n\n\n\n<p>Tambi\u00e9n hay otras diferenciaciones en asignaciones familiares de acuerdo con el sueldo del agente del estado, como se puede ver a continuaci\u00f3n.<\/p>\n\n\n\n<figure class=\"wp-block-image\"><img decoding=\"async\" src=\"https:\/\/www.mendozapost.com\/files\/image\/564\/564993\/662a36cf513fa_570_189!.png?s=b5fb0211e5a44487d9dd0ab25f6288fa&amp;d=1714042577\" alt=\"\"\/><\/figure>\n\n\n\n<p>FUENTE: Mendozapost.<\/p>\n","protected":false},"excerpt":{"rendered":"<p>El gobernador\u00a0Alfredo Cornejo\u00a0dispuso una\u00a0actualizaci\u00f3n del valor de las asignaciones familiares\u00a0que perciben los empleados p\u00fablicos de la Administraci\u00f3n Central, retroactivo al\u00a01 de abril\u00a0de este a\u00f1o. &#8220;Disp\u00f3ngase un incremento en las asignaciones familiares de los agentes de la Administraci\u00f3n P\u00fablica Provincial a partir del 01 de abril de 2024&#8221;, dice el decreto firmado ayer y publicado hoy. [&hellip;]<\/p>\n","protected":false},"author":2,"featured_media":7029,"comment_status":"open","ping_status":"open","sticky":true,"template":"","format":"standard","meta":[],"categories":[47],"tags":[],"_links":{"self":[{"href":"https:\/\/pasaenmendoza.com\/index.php?rest_route=\/wp\/v2\/posts\/7059"}],"collection":[{"href":"https:\/\/pasaenmendoza.com\/index.php?rest_route=\/wp\/v2\/posts"}],"about":[{"href":"https:\/\/pasaenmendoza.com\/index.php?rest_route=\/wp\/v2\/types\/post"}],"author":[{"embeddable":true,"href":"https:\/\/pasaenmendoza.com\/index.php?rest_route=\/wp\/v2\/users\/2"}],"replies":[{"embeddable":true,"href":"https:\/\/pasaenmendoza.com\/index.php?rest_route=%2Fwp%2Fv2%2Fcomments&post=7059"}],"version-history":[{"count":1,"href":"https:\/\/pasaenmendoza.com\/index.php?rest_route=\/wp\/v2\/posts\/7059\/revisions"}],"predecessor-version":[{"id":7060,"href":"https:\/\/pasaenmendoza.com\/index.php?rest_route=\/wp\/v2\/posts\/7059\/revisions\/7060"}],"wp:featuredmedia":[{"embeddable":true,"href":"https:\/\/pasaenmendoza.com\/index.php?rest_route=\/wp\/v2\/media\/7029"}],"wp:attachment":[{"href":"https:\/\/pasaenmendoza.com\/index.php?rest_route=%2Fwp%2Fv2%2Fmedia&parent=7059"}],"wp:term":[{"taxonomy":"category","embeddable":true,"href":"https:\/\/pasaenmendoza.com\/index.php?rest_route=%2Fwp%2Fv2%2Fcategories&post=7059"},{"taxonomy":"post_tag","embeddable":true,"href":"https:\/\/pasaenmendoza.com\/index.php?rest_route=%2Fwp%2Fv2%2Ftags&post=7059"}],"curies":[{"name":"wp","href":"https:\/\/api.w.org\/{rel}","templated":true}]}}