{"id":7064,"date":"2024-04-25T15:30:52","date_gmt":"2024-04-25T13:30:52","guid":{"rendered":"https:\/\/pasaenmendoza.com\/?p=7064"},"modified":"2024-04-25T15:30:54","modified_gmt":"2024-04-25T13:30:54","slug":"el-tiempo-en-mendoza-ascenso-de-la-temperatura-y-alerta-por-zonda","status":"publish","type":"post","link":"https:\/\/pasaenmendoza.com\/?p=7064","title":{"rendered":"El tiempo en Mendoza: ascenso de la temperatura y alerta por Zonda"},"content":{"rendered":"\n<p>Este\u00a0<strong>jueves\u00a0<\/strong>se presenta en el Gran Mendoza con tiempo bueno y ascenso de la temperatura, que oscilar\u00e1 entre lo 9 y los 23 grados. Adem\u00e1s, el\u00a0<strong>Servicio Meteorol\u00f3gico Nacional (SMN)<\/strong>\u00a0emiti\u00f3\u00a0<mark>una alerta por viento Zonda en Malarg\u00fce.<\/mark><\/p>\n\n\n\n<p>Para el&nbsp;<strong>viernes,<\/strong>&nbsp;la&nbsp;<strong>Direcci\u00f3n de Contingencias Clim\u00e1ticas<\/strong>&nbsp;indica: \u201cAlgo nublado con poco cambio de la temperatura. Zonda en precordillera y Malarg\u00fce. Inestable en el llano y cordillera sur provincial\u201d.&nbsp;<mark>La m\u00ednima ser\u00e1 de 10 grados y la m\u00e1xima de 24.<\/mark><\/p>\n\n\n\n<p>El\u00a0<strong>s\u00e1bado<\/strong>\u00a0estar\u00e1 \u201calgo nublado con leve descenso de la temperatura, vientos moderados del este\u201d.\u00a0<mark>La m\u00ednima ser\u00e1 de 11 grados y la m\u00e1xima de 21.<\/mark><\/p>\n\n\n\n<h2 class=\"wp-block-heading\" id=\"h-la-situacion-en-alta-montana\">La situaci\u00f3n en alta monta\u00f1a<\/h2>\n\n\n\n<p>El&nbsp;<strong>Sistema Integrado Cristo Redentor<\/strong>&nbsp;se encuentra&nbsp;<mark>habilitado<\/mark>&nbsp;para todo tipo de veh\u00edculos, durante las 24 horas.<\/p>\n\n\n\n<p>El\u00a0<strong>paso Pehuenche\u00a0<\/strong>est\u00e1\u00a0<mark>transitable<\/mark>, de 9 a 19.<\/p>\n\n\n\n<p><strong>Fuente: www.elsol.com.ar<\/strong><\/p>\n","protected":false},"excerpt":{"rendered":"<p>Este\u00a0jueves\u00a0se presenta en el Gran Mendoza con tiempo bueno y ascenso de la temperatura, que oscilar\u00e1 entre lo 9 y los 23 grados. Adem\u00e1s, el\u00a0Servicio Meteorol\u00f3gico Nacional (SMN)\u00a0emiti\u00f3\u00a0una alerta por viento Zonda en Malarg\u00fce. Para el&nbsp;viernes,&nbsp;la&nbsp;Direcci\u00f3n de Contingencias Clim\u00e1ticas&nbsp;indica: \u201cAlgo nublado con poco cambio de la temperatura. Zonda en precordillera y Malarg\u00fce. Inestable en el [&hellip;]<\/p>\n","protected":false},"author":2,"featured_media":7065,"comment_status":"open","ping_status":"open","sticky":false,"template":"","format":"standard","meta":[],"categories":[52],"tags":[],"_links":{"self":[{"href":"https:\/\/pasaenmendoza.com\/index.php?rest_route=\/wp\/v2\/posts\/7064"}],"collection":[{"href":"https:\/\/pasaenmendoza.com\/index.php?rest_route=\/wp\/v2\/posts"}],"about":[{"href":"https:\/\/pasaenmendoza.com\/index.php?rest_route=\/wp\/v2\/types\/post"}],"author":[{"embeddable":true,"href":"https:\/\/pasaenmendoza.com\/index.php?rest_route=\/wp\/v2\/users\/2"}],"replies":[{"embeddable":true,"href":"https:\/\/pasaenmendoza.com\/index.php?rest_route=%2Fwp%2Fv2%2Fcomments&post=7064"}],"version-history":[{"count":1,"href":"https:\/\/pasaenmendoza.com\/index.php?rest_route=\/wp\/v2\/posts\/7064\/revisions"}],"predecessor-version":[{"id":7066,"href":"https:\/\/pasaenmendoza.com\/index.php?rest_route=\/wp\/v2\/posts\/7064\/revisions\/7066"}],"wp:featuredmedia":[{"embeddable":true,"href":"https:\/\/pasaenmendoza.com\/index.php?rest_route=\/wp\/v2\/media\/7065"}],"wp:attachment":[{"href":"https:\/\/pasaenmendoza.com\/index.php?rest_route=%2Fwp%2Fv2%2Fmedia&parent=7064"}],"wp:term":[{"taxonomy":"category","embeddable":true,"href":"https:\/\/pasaenmendoza.com\/index.php?rest_route=%2Fwp%2Fv2%2Fcategories&post=7064"},{"taxonomy":"post_tag","embeddable":true,"href":"https:\/\/pasaenmendoza.com\/index.php?rest_route=%2Fwp%2Fv2%2Ftags&post=7064"}],"curies":[{"name":"wp","href":"https:\/\/api.w.org\/{rel}","templated":true}]}}