{"id":7070,"date":"2024-04-25T15:45:20","date_gmt":"2024-04-25T13:45:20","guid":{"rendered":"https:\/\/pasaenmendoza.com\/?p=7070"},"modified":"2024-04-25T15:45:21","modified_gmt":"2024-04-25T13:45:21","slug":"buscan-a-una-chica-con-retraso-madurativo-que-desaparecio-en-las-heras","status":"publish","type":"post","link":"https:\/\/pasaenmendoza.com\/?p=7070","title":{"rendered":"Buscan a una chica con retraso madurativo que desapareci\u00f3 en Las Heras"},"content":{"rendered":"\n<p>\u00a0Una familia de\u00a0<strong>Las Heras<\/strong>\u00a0busca a una adolescente de 17 a\u00f1os que desapareci\u00f3 el 4 de abril.<\/p>\n\n\n\n<p>La joven se llama&nbsp;<strong>Fernanda Luj\u00e1n Echeverr\u00eda R\u00edos<\/strong>. Seg\u00fan informaron sus familiares, &#8220;tiene capacidades cognitivas diferentes, no tiene un diagn\u00f3stico pero no es f\u00e1cil para ella estar en la calle. Hace muy poco aprendi\u00f3 a prender la cocina o abrir la puerta cuando tiene llave&#8221;.<\/p>\n\n\n\n<p>Tambi\u00e9n aseguran que la chica estaba en un hogar y que, por una situaci\u00f3n familiar, hab\u00eda sido restitu\u00edda nuevamente junto a la mujer que tiene un perfil violento, seg\u00fan relataron. Por otro lado, en las redes sociales viralizaron una serie de flyers en los que informan que la joven podr\u00eda estar en Buenos Aires junto a una persona mayor.<\/p>\n\n\n\n<p>Missing Children public\u00f3 el pedido de paradero de Fernanda. En Mendoza la denuncia fue radicada en la Oficina Fiscal 2 del barrio Cano.\u00a0<\/p>\n\n\n\n<p><strong>Fuente: www.mendozapost.com<\/strong><\/p>\n","protected":false},"excerpt":{"rendered":"<p>\u00a0Una familia de\u00a0Las Heras\u00a0busca a una adolescente de 17 a\u00f1os que desapareci\u00f3 el 4 de abril. La joven se llama&nbsp;Fernanda Luj\u00e1n Echeverr\u00eda R\u00edos. Seg\u00fan informaron sus familiares, &#8220;tiene capacidades cognitivas diferentes, no tiene un diagn\u00f3stico pero no es f\u00e1cil para ella estar en la calle. Hace muy poco aprendi\u00f3 a prender la cocina o abrir [&hellip;]<\/p>\n","protected":false},"author":2,"featured_media":7071,"comment_status":"open","ping_status":"open","sticky":false,"template":"","format":"standard","meta":[],"categories":[48],"tags":[],"_links":{"self":[{"href":"https:\/\/pasaenmendoza.com\/index.php?rest_route=\/wp\/v2\/posts\/7070"}],"collection":[{"href":"https:\/\/pasaenmendoza.com\/index.php?rest_route=\/wp\/v2\/posts"}],"about":[{"href":"https:\/\/pasaenmendoza.com\/index.php?rest_route=\/wp\/v2\/types\/post"}],"author":[{"embeddable":true,"href":"https:\/\/pasaenmendoza.com\/index.php?rest_route=\/wp\/v2\/users\/2"}],"replies":[{"embeddable":true,"href":"https:\/\/pasaenmendoza.com\/index.php?rest_route=%2Fwp%2Fv2%2Fcomments&post=7070"}],"version-history":[{"count":1,"href":"https:\/\/pasaenmendoza.com\/index.php?rest_route=\/wp\/v2\/posts\/7070\/revisions"}],"predecessor-version":[{"id":7072,"href":"https:\/\/pasaenmendoza.com\/index.php?rest_route=\/wp\/v2\/posts\/7070\/revisions\/7072"}],"wp:featuredmedia":[{"embeddable":true,"href":"https:\/\/pasaenmendoza.com\/index.php?rest_route=\/wp\/v2\/media\/7071"}],"wp:attachment":[{"href":"https:\/\/pasaenmendoza.com\/index.php?rest_route=%2Fwp%2Fv2%2Fmedia&parent=7070"}],"wp:term":[{"taxonomy":"category","embeddable":true,"href":"https:\/\/pasaenmendoza.com\/index.php?rest_route=%2Fwp%2Fv2%2Fcategories&post=7070"},{"taxonomy":"post_tag","embeddable":true,"href":"https:\/\/pasaenmendoza.com\/index.php?rest_route=%2Fwp%2Fv2%2Ftags&post=7070"}],"curies":[{"name":"wp","href":"https:\/\/api.w.org\/{rel}","templated":true}]}}