{"id":7073,"date":"2024-04-25T15:50:53","date_gmt":"2024-04-25T13:50:53","guid":{"rendered":"https:\/\/pasaenmendoza.com\/?p=7073"},"modified":"2024-04-25T15:50:54","modified_gmt":"2024-04-25T13:50:54","slug":"sigue-sin-imputados-ni-detenidos-el-accidente-que-termino-con-la-vida-de-un-chico-de-18-anos-en-maipu","status":"publish","type":"post","link":"https:\/\/pasaenmendoza.com\/?p=7073","title":{"rendered":"Sigue sin imputados ni detenidos el accidente que termin\u00f3 con la vida de un chico de 18 a\u00f1os en Maip\u00fa"},"content":{"rendered":"\n<p>Los padres de un chico de 18 a\u00f1os que muri\u00f3 en un\u00a0<strong>accidente\u00a0en moto en Maip\u00fa<\/strong>\u00a0en marzo pasado volvieron a<strong>\u00a0reclamar justicia,<\/strong>\u00a0ya que todav\u00eda no hay imputados ni detenidos por el hecho. Indicaron que el conductor de un auto fue quien\u00a0<strong>encerr\u00f3 a Santiago Buttini y este golpe\u00f3 su cabeza contra el acoplado de un cami\u00f3n y muri\u00f3.\u00a0<\/strong>El pr\u00f3ximo s\u00e1bado pintar\u00e1n una estrella amarilla en el lugar donde ocurri\u00f3 el accidente.<\/p>\n\n\n\n<p>Tina y Gustavo Buttini, padres de Santiago, hicieron una manifestaci\u00f3n en el lugar donde muri\u00f3 su hijo, en\u00a0<strong>calle Urquiza casi Tropero Sosa, de Coquimbito, Maip\u00fa<\/strong>, en la ma\u00f1ana de este mi\u00e9rcoles en\u00a0<strong>pedido de justicia y de avances en la causa.<\/strong><\/p>\n\n\n\n<p>Gustavo se\u00f1al\u00f3: &#8220;Estamos pidiendo Justicia por Santi, que el 9 de marzo fue encerrado en calle Urquiza. Ah\u00ed el conductor una camioneta Ford Ecosport roja, que Santiago hab\u00eda pasado y qued\u00f3 adelante de \u00e9l,&nbsp;<strong>le toc\u00f3 bocina y lo insult\u00f3. Cuando arrancaron, hab\u00eda un cami\u00f3n y la Ecosport lo encerr\u00f3. Mi hijo se golpe\u00f3 la cabeza con el acoplado<\/strong>&#8220;.<\/p>\n\n\n\n<p>&#8220;Las c\u00e1maras de seguridad mostraron que el de la camioneta fren\u00f3 para que mi hijo quedara encerrado,<strong>&nbsp;escap\u00f3, y nunca se par\u00f3<\/strong>&#8220;, por lo que no asisti\u00f3 a la v\u00edctima.<\/p>\n\n\n\n<p>El conductor\u00a0<strong>fue identificado<\/strong>\u00a0y vive a un kil\u00f3metro del lugar donde muri\u00f3 Santiago Buttini. El padre de la v\u00edctima indic\u00f3 que la causa la lleva adelante el fiscal de Tr\u00e1nsito Fernando Giunta: &#8220;<strong>Est\u00e1 encaminada, pero el hombre sigue libre. Sabemos qui\u00e9n es, est\u00e1 su nombre, pero est\u00e1 sospechado en la causa y todav\u00eda no lo imputan<\/strong>&#8220;.<\/p>\n\n\n\n<h2 class=\"wp-block-heading\">El dolor de los padres del motociclista que muri\u00f3 en Maip\u00fa<\/h2>\n\n\n\n<p>El accidente que termin\u00f3 con la vida de\u00a0<strong>Santiago Buttini ocurri\u00f3 alrededor de las 20 del s\u00e1bado 9 de marzo pasado<\/strong>, cuando el muchacho iba con su primo en al mando de su moto Honda Twister 125 cc, por calle Urquiza hacia el Sur, en Coquimbito.<\/p>\n\n\n\n<p>Indicaron que tuvo una pelea con el conductor de una Ford Ecosport roja luego de haberlo pasado, y este\u00a0<strong>lo habr\u00eda encerrado, lo que provoc\u00f3 que el muchacho de 18 a\u00f1os golpeara su cabeza contra el acoplado de un cami\u00f3n y muriera en el lugar.<\/strong><\/p>\n\n\n\n<p>&#8220;<strong>Esa persona sigue normal, como si no hubiese pasado nada, siendo que le quit\u00f3 la vida a mi hijo de 18 a\u00f1os<\/strong>&#8220;, expres\u00f3 Gustavo, quien cont\u00f3 que hac\u00eda poco tiempo que Santiago ten\u00eda moto debido a que hab\u00eda sido un regalo de cumplea\u00f1os en el 2023.<\/p>\n\n\n\n<p>&#8220;Era un chico muy prudente, sal\u00eda siempre con casco. Realmente&nbsp;<strong>el accidente fue provocado por este hombre<\/strong>&#8220;, recalc\u00f3.<\/p>\n\n\n\n<p>Por su parte, Tina, madre de la v\u00edctima, sostuvo: &#8220;<strong>Es inhumano vivir con este dolor.<\/strong>&nbsp;Todo padre que tiene su hijo y que haya pasado por este dolor sabe lo que se siente, es muy doloroso vivir con que te arrebataron a tu hijo y el tipo sigue su vida normal, con sus actividades normales.&nbsp;<strong>No s\u00e9 si dormir\u00e1 tranquilo o en paz<\/strong>&#8220;.<\/p>\n\n\n\n<p>Agreg\u00f3: &#8220;Yo quiero justicia por Santi, es lo que m\u00e1s deseo&nbsp;<strong>aunque no me van a devolver a mi hijo, pero queremos justicia<\/strong>&nbsp;y vamos a trabajar sobre eso hasta lo \u00faltimo&#8221;.<\/p>\n\n\n\n<p>Para recordarlo, indicaron que el\u00a0<strong>s\u00e1bado 27 a las 14 van a pintar una estrella amarilla<\/strong>\u00a0en el lugar donde fue el accidente.<\/p>\n\n\n\n<p>Adem\u00e1s, pidieron a los vecinos o personas que hayan visto el momento del accidente<strong>\u00a0que aporten su testimonio para ayudar a esclarecer el hecho.<\/strong><\/p>\n\n\n\n<p><strong>Fuente: www.diariouno.com.ar<\/strong><a rel=\"noreferrer noopener\" href=\"https:\/\/www.facebook.com\/dialog\/feed?app_id=161316767303985&amp;link=https%3A%2F%2Fwww.diariouno.com.ar%2Fpoliciales%2Fsigue-imputados-ni-detenidos-el-accidente-que-termino-la-vida-un-chico-18-anos-maipu-n1313663&amp;name=Sigue+sin+imputados+ni+detenidos+el+accidente+que+termin%C3%B3+con+la+vida+de+un+chico+de+18+a%C3%B1os+en+Maip%C3%BA&amp;caption=Accidente+en+Mendoza&amp;description=Santiago+Buttini+muri%C3%B3+en+marzo+pasado%2C+cuando+circulaba+en+moto+por+Maip%C3%BA.+Indicaron+que+el+conductor+de+una+camioneta+lo+encerr%C3%B3%2C+caus%C3%B3+el+siniestro+y+escap%C3%B3&amp;redirect_uri=https%3A%2F%2Fwww.diariouno.com.ar%2Fpoliciales%2Fsigue-imputados-ni-detenidos-el-accidente-que-termino-la-vida-un-chico-18-anos-maipu-n1313663\" target=\"_blank\"><\/a><\/p>\n","protected":false},"excerpt":{"rendered":"<p>Los padres de un chico de 18 a\u00f1os que muri\u00f3 en un\u00a0accidente\u00a0en moto en Maip\u00fa\u00a0en marzo pasado volvieron a\u00a0reclamar justicia,\u00a0ya que todav\u00eda no hay imputados ni detenidos por el hecho. Indicaron que el conductor de un auto fue quien\u00a0encerr\u00f3 a Santiago Buttini y este golpe\u00f3 su cabeza contra el acoplado de un cami\u00f3n y muri\u00f3.\u00a0El [&hellip;]<\/p>\n","protected":false},"author":2,"featured_media":7074,"comment_status":"open","ping_status":"open","sticky":false,"template":"","format":"standard","meta":[],"categories":[48],"tags":[],"_links":{"self":[{"href":"https:\/\/pasaenmendoza.com\/index.php?rest_route=\/wp\/v2\/posts\/7073"}],"collection":[{"href":"https:\/\/pasaenmendoza.com\/index.php?rest_route=\/wp\/v2\/posts"}],"about":[{"href":"https:\/\/pasaenmendoza.com\/index.php?rest_route=\/wp\/v2\/types\/post"}],"author":[{"embeddable":true,"href":"https:\/\/pasaenmendoza.com\/index.php?rest_route=\/wp\/v2\/users\/2"}],"replies":[{"embeddable":true,"href":"https:\/\/pasaenmendoza.com\/index.php?rest_route=%2Fwp%2Fv2%2Fcomments&post=7073"}],"version-history":[{"count":1,"href":"https:\/\/pasaenmendoza.com\/index.php?rest_route=\/wp\/v2\/posts\/7073\/revisions"}],"predecessor-version":[{"id":7075,"href":"https:\/\/pasaenmendoza.com\/index.php?rest_route=\/wp\/v2\/posts\/7073\/revisions\/7075"}],"wp:featuredmedia":[{"embeddable":true,"href":"https:\/\/pasaenmendoza.com\/index.php?rest_route=\/wp\/v2\/media\/7074"}],"wp:attachment":[{"href":"https:\/\/pasaenmendoza.com\/index.php?rest_route=%2Fwp%2Fv2%2Fmedia&parent=7073"}],"wp:term":[{"taxonomy":"category","embeddable":true,"href":"https:\/\/pasaenmendoza.com\/index.php?rest_route=%2Fwp%2Fv2%2Fcategories&post=7073"},{"taxonomy":"post_tag","embeddable":true,"href":"https:\/\/pasaenmendoza.com\/index.php?rest_route=%2Fwp%2Fv2%2Ftags&post=7073"}],"curies":[{"name":"wp","href":"https:\/\/api.w.org\/{rel}","templated":true}]}}