{"id":7076,"date":"2024-04-25T23:14:41","date_gmt":"2024-04-25T21:14:41","guid":{"rendered":"https:\/\/pasaenmendoza.com\/?p=7076"},"modified":"2024-04-25T23:14:43","modified_gmt":"2024-04-25T21:14:43","slug":"anses-le-devolvera-la-pension-a-la-joven-con-una-discapacidad-del-100","status":"publish","type":"post","link":"https:\/\/pasaenmendoza.com\/?p=7076","title":{"rendered":"Anses le devolver\u00e1 la pensi\u00f3n a la joven con una discapacidad del 100%"},"content":{"rendered":"\n<p>Romina Vicencio volver\u00e1 a cobrar su pensi\u00f3n por tener una\u00a0discapacidad\u00a0del 100%. El dato fue confirmado oficialmente por\u00a0Anses, organismo desde el que aseguraron que la resoluci\u00f3n ya figura en el sistema. Ayer, la madre de la joven hab\u00eda asegurado que, a pesar de los constantes reclamos, a\u00fan no hab\u00eda recibido ning\u00fan tipo de notificaci\u00f3n oficial.<\/p>\n\n\n\n<p>El pedido de Silvia, la madre de Romina, tiene su l\u00f3gica. La situaci\u00f3n de la chica de 31 a\u00f1os es delicada debido a que sufre una par\u00e1lisis severa que le impide ver, hablar, escuchar y caminar. A la vez, su familia es humilde y necesitan los 150 mil pesos que la joven recib\u00eda para comprar pa\u00f1ales, medicamentos y comida. &#8220;Hace 31 a\u00f1os que saben la patolog\u00eda de mi hija. Yo creo que eso tambi\u00e9n me tiene un poco cansada. Tanto tr\u00e1mite, tanto certificado y su patolog\u00eda siempre va a ser la misma\u201d.<\/p>\n\n\n\n<p>Seg\u00fan trascendi\u00f3, el caso se complic\u00f3 debido a un retraso generado en la\u00a0Agencia Nacional de\u00a0<strong>Discapacidad<\/strong>. Esa situaci\u00f3n termin\u00f3\u00a0entorpeciendo el desenlace de un caso por el que la familia Vicencio viene reclamando\u00a0desde los primeros d\u00edas de abril. De hecho, la propia madre de Romina se neg\u00f3 a recibir alg\u00fan tipo de ayuda que no sea la que le corresponde a su hija por derecho. &#8220;Nos pidieron una cuenta bancaria, un alias, para depositarnos dinero, para apoyarnos. No, nosotros no queremos eso. Nosotros somos una familia de un perfil muy bajo y lo \u00fanico que queremos es que le devuelvan su pensi\u00f3n, nada m\u00e1s, nada m\u00e1s. Yo creo que no pedimos mucho&#8221;, advirti\u00f3 Silvia, tiempo atr\u00e1s.<\/p>\n\n\n\n<p>Otro dato que informaron desde\u00a0<strong>Anses<\/strong>\u00a0est\u00e1 relacionado con la fecha en la que Romina cobrar\u00e1 su pensi\u00f3n. Es que desde el organismo nacional se\u00f1alan que podr\u00eda existir un leve retraso en el pago pero que no deber\u00eda extenderse m\u00e1s all\u00e1 del 10 de mayo. En principio, la joven cobrar\u00eda con retroactivo a abril.<\/p>\n\n\n\n<h2 class=\"wp-block-heading\">El caso<\/h2>\n\n\n\n<p>Romina Vicencio naci\u00f3 hace 31 a\u00f1os. A \u00a0los 9 d\u00edas de vida sufri\u00f3 un ataque de meningitis que la dej\u00f3 dos meses en terapia intensiva. Esa situaci\u00f3n le provoc\u00f3 una par\u00e1lisis severa y, en consecuencia, recibi\u00f3 una pensi\u00f3n por discapacidad. Sin embargo, durante los primeros d\u00edas de abril, su mam\u00e1 se enter\u00f3 que desde\u00a0<strong>Anses<\/strong>\u00a0decidieron retirarle el apoyo sin explicarle los motivos.\u00a0<\/p>\n\n\n\n<p><strong>Fuente: www.mdzol.com<\/strong><\/p>\n","protected":false},"excerpt":{"rendered":"<p>Romina Vicencio volver\u00e1 a cobrar su pensi\u00f3n por tener una\u00a0discapacidad\u00a0del 100%. El dato fue confirmado oficialmente por\u00a0Anses, organismo desde el que aseguraron que la resoluci\u00f3n ya figura en el sistema. Ayer, la madre de la joven hab\u00eda asegurado que, a pesar de los constantes reclamos, a\u00fan no hab\u00eda recibido ning\u00fan tipo de notificaci\u00f3n oficial. El [&hellip;]<\/p>\n","protected":false},"author":2,"featured_media":7077,"comment_status":"open","ping_status":"open","sticky":false,"template":"","format":"standard","meta":[],"categories":[57],"tags":[],"_links":{"self":[{"href":"https:\/\/pasaenmendoza.com\/index.php?rest_route=\/wp\/v2\/posts\/7076"}],"collection":[{"href":"https:\/\/pasaenmendoza.com\/index.php?rest_route=\/wp\/v2\/posts"}],"about":[{"href":"https:\/\/pasaenmendoza.com\/index.php?rest_route=\/wp\/v2\/types\/post"}],"author":[{"embeddable":true,"href":"https:\/\/pasaenmendoza.com\/index.php?rest_route=\/wp\/v2\/users\/2"}],"replies":[{"embeddable":true,"href":"https:\/\/pasaenmendoza.com\/index.php?rest_route=%2Fwp%2Fv2%2Fcomments&post=7076"}],"version-history":[{"count":1,"href":"https:\/\/pasaenmendoza.com\/index.php?rest_route=\/wp\/v2\/posts\/7076\/revisions"}],"predecessor-version":[{"id":7078,"href":"https:\/\/pasaenmendoza.com\/index.php?rest_route=\/wp\/v2\/posts\/7076\/revisions\/7078"}],"wp:featuredmedia":[{"embeddable":true,"href":"https:\/\/pasaenmendoza.com\/index.php?rest_route=\/wp\/v2\/media\/7077"}],"wp:attachment":[{"href":"https:\/\/pasaenmendoza.com\/index.php?rest_route=%2Fwp%2Fv2%2Fmedia&parent=7076"}],"wp:term":[{"taxonomy":"category","embeddable":true,"href":"https:\/\/pasaenmendoza.com\/index.php?rest_route=%2Fwp%2Fv2%2Fcategories&post=7076"},{"taxonomy":"post_tag","embeddable":true,"href":"https:\/\/pasaenmendoza.com\/index.php?rest_route=%2Fwp%2Fv2%2Ftags&post=7076"}],"curies":[{"name":"wp","href":"https:\/\/api.w.org\/{rel}","templated":true}]}}