{"id":7079,"date":"2024-04-25T23:21:41","date_gmt":"2024-04-25T21:21:41","guid":{"rendered":"https:\/\/pasaenmendoza.com\/?p=7079"},"modified":"2024-04-25T23:21:42","modified_gmt":"2024-04-25T21:21:42","slug":"judiciales-no-acepto-los-aumentos-y-el-gobierno-pagara-lo-mismo-que-en-marzo","status":"publish","type":"post","link":"https:\/\/pasaenmendoza.com\/?p=7079","title":{"rendered":"Judiciales no acept\u00f3 los aumentos y el Gobierno pagar\u00e1 lo mismo que en marzo"},"content":{"rendered":"\n<p>El conflicto salarial entre el gremio\u00a0<strong>Judiciales\u00a0<\/strong>y el Gobierno parece no tener fin este a\u00f1o: la administraci\u00f3n de Alfredo Cornejo\u00a0<strong>dio por cerrada la paritaria<\/strong>\u00a0tras el rechazo del gremio a la \u00faltima oferta y se viene un plan de lucha con\u00a0<strong>asambleas, paros y movilizaciones<\/strong>.<\/p>\n\n\n\n<p><strong>Este quiebre de lanzas repercutir\u00e1 seriamente<\/strong>, como viene ocurriendo en los \u00faltimos a\u00f1os -como tambi\u00e9n ocurri\u00f3 con los empleados y funcionarios del Poder Judicial y la Corte- en la prestaci\u00f3n del servicio p\u00fablico. Y en este caso,&nbsp;<strong>en el funcionamiento de las oficinas fiscales de toda la provincia, donde los ciudadanos denuncian haber sido v\u00edctimas de delitos de distinta gravedad.<\/strong><\/p>\n\n\n\n<p>La situaci\u00f3n se complica mucho m\u00e1s durante los d\u00edas de\u00a0<strong>fin de semana<\/strong>\u00a0y los\u00a0<strong>feriados<\/strong>. As\u00ed, para garantizar la atenci\u00f3n m\u00ednima, la coordinaci\u00f3n del Ministerio P\u00fablico Fiscal debe\u00a0<strong>reubicar a ayudantes fiscales<\/strong>.<\/p>\n\n\n\n<h2 class=\"wp-block-heading\">Ayudantes fiscales se necesitan<\/h2>\n\n\n\n<p><strong>Faltan ayudantes fiscales desde hace tiempo en Mendoza<\/strong>, porque muchos renuncian para dedicarse a otros rubros de la actividad privada, como el comercio, entre otros.<\/p>\n\n\n\n<p>Lo hacen por&nbsp;<strong>cuestiones salariales<\/strong>&nbsp;pero tambi\u00e9n por el alto riesgo y la<strong>&nbsp;exigencia emocional&nbsp;<\/strong>que implica trabajar en ciertas fiscal\u00edas donde, de pronto, un s\u00e1bado o un domingo -a cualquier hora- deben tomarles, por ejemplo, declaraciones a v\u00edctimas de agresiones -sexuales u otras- o a sospechosos de cometer&nbsp;<strong>asesinatos u otros delitos penales<\/strong>.<\/p>\n\n\n\n<p><strong>Los ayudantes fiscales son el primer eslab\u00f3n de una larga cadena del servicio p\u00fablico de Justicia: son los que est\u00e1n cara a cara con el delito y sus consecuencias.<\/strong><\/p>\n\n\n\n<p>De hecho, est\u00e1 en desarrollo el concurso p\u00fablico que el Ministerio P\u00fablico Fiscal lanz\u00f3 en 2023\u00a0<strong>para tener a 500 personas listas para integrarse<\/strong>\u00a0al sistema judicial.\u00a0<strong>Doscientas para fiscal\u00edas del Gran Mendoza<\/strong>\u00a0(Ciudad, Guaymall\u00e9n, Godoy Cruz, Maip\u00fa, Lavalle, Luj\u00e1n y Las Heras),\u00a0<strong>ciento cincuenta para la Segunda Circunscripci\u00f3n Judicial (San Rafael, Alvear y Malarg\u00fce) y otras tantas para la Tercera (San Mart\u00edn, Santa Rosa, La Paz, Rivadavia y Jun\u00edn).<\/strong><\/p>\n\n\n\n<h2 class=\"wp-block-heading\">El final de la paritaria y el reinicio del plan de lucha<\/h2>\n\n\n\n<p><strong>Desde el Poder Ejecutivo se\u00f1alaron que &#8220;Judiciales no acept\u00f3 ninguna de las propuestas de incremento salarial ofrecidas para el segundo trimestre<\/strong>. Los salarios del mes de abril que se pagar\u00e1n la semana pr\u00f3xima, ya se han liquidado sin aumento, es decir sin variaciones respecto a lo liquidado en marzo de 2024.&nbsp;<strong>No se ha dispuesto ning\u00fan aumento salarial por decreto<\/strong>&#8220;.<\/p>\n\n\n\n<p>&#8220;El Gobierno dio por cerrada la paritaria, as\u00ed que iremos al plan de lucha&#8221;, replic\u00f3\u00a0<strong>Ricardo Babill\u00f3n<\/strong>, de Judiciales, lo que anticipa que se vienen semanas complejas en la prestaci\u00f3n del servicio judicial en el Ministerio P\u00fablico.<\/p>\n\n\n\n<p>\u00bfC\u00f3mo impacta esta situaci\u00f3n en la tramitaci\u00f3n y resoluci\u00f3n de expedientes en el Fuero Penal?&nbsp;<strong>Sergio Molina, electo presidente del Colegio de Abogados de Mendoza<\/strong>, lo explic\u00f3 con una frase contundente:&nbsp;<strong>&#8220;Uno o dos d\u00edas de paro en el Poder Judicial significan 15 d\u00edas de demora en los expedientes&#8221;<\/strong>.<\/p>\n\n\n\n<p>Desde el gremio meten presi\u00f3n y reclaman p\u00fablicamente que la Suprema Corte de Justicia&nbsp;<strong>ejerza su rol de patronal<\/strong>&nbsp;y contribuya a la resoluci\u00f3n del conflicto.<\/p>\n\n\n\n<p><strong>Babill\u00f3n y su gente sienten -y as\u00ed lo han dicho- que ninguno de los ministros del m\u00e1ximo tribunal se ocupa del tema,<\/strong>\u00a0m\u00e1s all\u00e1 de que, en este caso, las fiscal\u00edas dependan directamente del Ministerio P\u00fablico Fiscal y de que los sueldos corran por cuenta del Estado provincial, es decir del Gobierno.<\/p>\n\n\n\n<p><strong>Fuente: www.diariouno.com.ar<\/strong><\/p>\n","protected":false},"excerpt":{"rendered":"<p>El conflicto salarial entre el gremio\u00a0Judiciales\u00a0y el Gobierno parece no tener fin este a\u00f1o: la administraci\u00f3n de Alfredo Cornejo\u00a0dio por cerrada la paritaria\u00a0tras el rechazo del gremio a la \u00faltima oferta y se viene un plan de lucha con\u00a0asambleas, paros y movilizaciones. Este quiebre de lanzas repercutir\u00e1 seriamente, como viene ocurriendo en los \u00faltimos a\u00f1os [&hellip;]<\/p>\n","protected":false},"author":2,"featured_media":7080,"comment_status":"open","ping_status":"open","sticky":false,"template":"","format":"standard","meta":[],"categories":[51],"tags":[],"_links":{"self":[{"href":"https:\/\/pasaenmendoza.com\/index.php?rest_route=\/wp\/v2\/posts\/7079"}],"collection":[{"href":"https:\/\/pasaenmendoza.com\/index.php?rest_route=\/wp\/v2\/posts"}],"about":[{"href":"https:\/\/pasaenmendoza.com\/index.php?rest_route=\/wp\/v2\/types\/post"}],"author":[{"embeddable":true,"href":"https:\/\/pasaenmendoza.com\/index.php?rest_route=\/wp\/v2\/users\/2"}],"replies":[{"embeddable":true,"href":"https:\/\/pasaenmendoza.com\/index.php?rest_route=%2Fwp%2Fv2%2Fcomments&post=7079"}],"version-history":[{"count":1,"href":"https:\/\/pasaenmendoza.com\/index.php?rest_route=\/wp\/v2\/posts\/7079\/revisions"}],"predecessor-version":[{"id":7081,"href":"https:\/\/pasaenmendoza.com\/index.php?rest_route=\/wp\/v2\/posts\/7079\/revisions\/7081"}],"wp:featuredmedia":[{"embeddable":true,"href":"https:\/\/pasaenmendoza.com\/index.php?rest_route=\/wp\/v2\/media\/7080"}],"wp:attachment":[{"href":"https:\/\/pasaenmendoza.com\/index.php?rest_route=%2Fwp%2Fv2%2Fmedia&parent=7079"}],"wp:term":[{"taxonomy":"category","embeddable":true,"href":"https:\/\/pasaenmendoza.com\/index.php?rest_route=%2Fwp%2Fv2%2Fcategories&post=7079"},{"taxonomy":"post_tag","embeddable":true,"href":"https:\/\/pasaenmendoza.com\/index.php?rest_route=%2Fwp%2Fv2%2Ftags&post=7079"}],"curies":[{"name":"wp","href":"https:\/\/api.w.org\/{rel}","templated":true}]}}