{"id":7092,"date":"2024-04-26T14:35:42","date_gmt":"2024-04-26T12:35:42","guid":{"rendered":"https:\/\/pasaenmendoza.com\/?p=7092"},"modified":"2024-04-26T14:35:43","modified_gmt":"2024-04-26T12:35:43","slug":"condenaron-a-11-anos-a-un-mendocino-por-matar-a-punaladas-a-su-amigo","status":"publish","type":"post","link":"https:\/\/pasaenmendoza.com\/?p=7092","title":{"rendered":"Condenaron a 11 a\u00f1os a un mendocino por matar a pu\u00f1aladas a su amigo"},"content":{"rendered":"\n<p>Este jueves, la Justicia mendocina conden\u00f3 a 11 a\u00f1os de prisi\u00f3n a\u00a0<strong>Diego Federico Santoni<\/strong>. El hombre de 29 a\u00f1os, apodado &#8220;el Beb\u00e9&#8221;, fue encontrado culpable del cruento\u00a0<strong>crimen<\/strong>\u00a0de<strong>\u00a0Eduardo &#8220;Capic\u00faa&#8221; Ib\u00e1\u00f1ez<\/strong>\u00a0(44), ocurrido el 16 de abril de 2022.<\/p>\n\n\n\n<p>La juez Carmen Magro concluy\u00f3 que\u00a0<strong>Santoni<\/strong>\u00a0fue quien asesin\u00f3 a Ib\u00e1\u00f1ez junto a una menor que entonces ten\u00eda 15 a\u00f1os, por lo que era inimputable. El cuerpo de\u00a0<strong>Ib\u00e1\u00f1ez<\/strong>\u00a0presentaba decenas de heridas de arma blanca.<\/p>\n\n\n\n<p>En una audiencia celebrada este jueves,\u00a0<strong>Santoni<\/strong>\u00a0fue condenado a la pena de 11 a\u00f1os por homicidio simple agravado por la participaci\u00f3n de un menor de edad en calidad de coautor.<\/p>\n\n\n\n<p>Previamente, en los alegatos, el fiscal Gustavo Pirrello hab\u00eda solicitado que la pena fuera de 15 a\u00f1os. Por su parte, la abogada de Santoni, Mar\u00eda Elena Quintero, hab\u00eda pedido una absoluci\u00f3n debido a que consideraba que el asesinato se hab\u00eda producido en leg\u00edtima defensa.<\/p>\n\n\n\n<p><strong>C\u00f3mo fue el crimen de Eduardo Ib\u00e1\u00f1ez<\/strong><\/p>\n\n\n\n<p>El 16 de abril de 2022,&nbsp;<strong>Eduardo &#8220;Capic\u00faa&#8221; Ib\u00e1\u00f1ez<\/strong>&nbsp;fue asesinado con una tijera en su propia casa. El cuerpo tambi\u00e9n presentaba golpes.<\/p>\n\n\n\n<p>La Justicia determin\u00f3 que el crimen ocurri\u00f3 en el marco de una juntada entre amigos, que se habr\u00edan encontrado para consumir alcohol y estupefacientes.\u00a0<\/p>\n\n\n\n<p>En la reuni\u00f3n estaban\u00a0<strong>&#8220;Beb\u00e9&#8221; Santoni\u00a0<\/strong>y la menor de 15 a\u00f1os. En un momento, estall\u00f3 una discusi\u00f3n y all\u00ed se produjo el ataque a la v\u00edctima. Los dos autores del crimen agredieron a\u00a0<strong>Ib\u00e1\u00f1ez<\/strong>\u00a0con una tijera y lo mataron. Horas despu\u00e9s, su madre hall\u00f3 el cuerpo.<\/p>\n\n\n\n<p><strong>Fuente: www.mendozapost.com<\/strong><\/p>\n","protected":false},"excerpt":{"rendered":"<p>Este jueves, la Justicia mendocina conden\u00f3 a 11 a\u00f1os de prisi\u00f3n a\u00a0Diego Federico Santoni. El hombre de 29 a\u00f1os, apodado &#8220;el Beb\u00e9&#8221;, fue encontrado culpable del cruento\u00a0crimen\u00a0de\u00a0Eduardo &#8220;Capic\u00faa&#8221; Ib\u00e1\u00f1ez\u00a0(44), ocurrido el 16 de abril de 2022. La juez Carmen Magro concluy\u00f3 que\u00a0Santoni\u00a0fue quien asesin\u00f3 a Ib\u00e1\u00f1ez junto a una menor que entonces ten\u00eda 15 a\u00f1os, [&hellip;]<\/p>\n","protected":false},"author":2,"featured_media":7093,"comment_status":"open","ping_status":"open","sticky":false,"template":"","format":"standard","meta":[],"categories":[48],"tags":[],"_links":{"self":[{"href":"https:\/\/pasaenmendoza.com\/index.php?rest_route=\/wp\/v2\/posts\/7092"}],"collection":[{"href":"https:\/\/pasaenmendoza.com\/index.php?rest_route=\/wp\/v2\/posts"}],"about":[{"href":"https:\/\/pasaenmendoza.com\/index.php?rest_route=\/wp\/v2\/types\/post"}],"author":[{"embeddable":true,"href":"https:\/\/pasaenmendoza.com\/index.php?rest_route=\/wp\/v2\/users\/2"}],"replies":[{"embeddable":true,"href":"https:\/\/pasaenmendoza.com\/index.php?rest_route=%2Fwp%2Fv2%2Fcomments&post=7092"}],"version-history":[{"count":1,"href":"https:\/\/pasaenmendoza.com\/index.php?rest_route=\/wp\/v2\/posts\/7092\/revisions"}],"predecessor-version":[{"id":7094,"href":"https:\/\/pasaenmendoza.com\/index.php?rest_route=\/wp\/v2\/posts\/7092\/revisions\/7094"}],"wp:featuredmedia":[{"embeddable":true,"href":"https:\/\/pasaenmendoza.com\/index.php?rest_route=\/wp\/v2\/media\/7093"}],"wp:attachment":[{"href":"https:\/\/pasaenmendoza.com\/index.php?rest_route=%2Fwp%2Fv2%2Fmedia&parent=7092"}],"wp:term":[{"taxonomy":"category","embeddable":true,"href":"https:\/\/pasaenmendoza.com\/index.php?rest_route=%2Fwp%2Fv2%2Fcategories&post=7092"},{"taxonomy":"post_tag","embeddable":true,"href":"https:\/\/pasaenmendoza.com\/index.php?rest_route=%2Fwp%2Fv2%2Ftags&post=7092"}],"curies":[{"name":"wp","href":"https:\/\/api.w.org\/{rel}","templated":true}]}}