{"id":7103,"date":"2024-04-26T14:56:12","date_gmt":"2024-04-26T12:56:12","guid":{"rendered":"https:\/\/pasaenmendoza.com\/?p=7103"},"modified":"2024-04-26T15:02:47","modified_gmt":"2024-04-26T13:02:47","slug":"habra-careo-judicial-entre-libertarios-por-el-sello-de-milei-en-mendoza","status":"publish","type":"post","link":"https:\/\/pasaenmendoza.com\/?p=7103","title":{"rendered":"Habr\u00e1 &#8220;careo&#8221; judicial entre libertarios por el sello de Milei en Mendoza"},"content":{"rendered":"\n<p>Hay una carrera legal y pol\u00edtica por el sello partidario de La Libertad&nbsp; (LLA) en Mendoza.&nbsp;Esta &#8220;competencia&#8221;&nbsp;tiene un par de cap\u00edtulos donde la rosca se retuerce hay mucha tensi\u00f3n por ejemplo, por el acopio de adhesiones en estos d\u00edas.<\/p>\n\n\n\n<p>Las presentaciones judiciales para lograr la personer\u00eda partidaria cambiaron la marcha. La Libertad Avanza&nbsp;<em>oficial<\/em>&nbsp;que gestiona la diputada nacional<strong>&nbsp;Lourdes Arrieta<\/strong>&nbsp;tiene&nbsp;<strong>dificultades para completar la cantidad de adhesiones m\u00ednimas,<\/strong>&nbsp;aunque est\u00e1 muy cerca de lograr ese cometido. En realidad le faltan certificar 24 adhesiones para llegar a las 4 mil necesarias para ser admitida y continuar con el tr\u00e1mite.<\/p>\n\n\n\n<p>En cambio el expediente de La Libertad Avanza&nbsp;<em>blue<\/em>&nbsp;tramitado por el abogado&nbsp;<strong>Alejandro Barraza s\u00ed pas\u00f3 el filtro del control judicial que verifica la legitimidad de los avales presentados<\/strong>. Esto le vali\u00f3 que el juez subrogante con competencia electoral Pablo Oscar Quir\u00f3s habilitara una audiencia de oposici\u00f3n para la presentaci\u00f3n de rechazos y apoyos y seguir evaluando a esta sorpresiva agrupaci\u00f3n, cuyo \u00fanico vocero por ahora es el letrado Barraza, de ra\u00edz gansa y liberal.<\/p>\n\n\n\n<p>Tambi\u00e9n ha sido peliaguda la gesti\u00f3n pol\u00edtica para ambas facciones, pero m\u00e1s para LLA de Arrieta que, como se advierte, le est\u00e1 costando cumplir con las adhesiones y eso trasciende lo que le cuesta convencer a personas para aparecer en avales ante la justicia.<\/p>\n\n\n\n<p>En cambio para LLA de Barraza el trabajo de juntar apoyos ha sido m\u00e1s r\u00e1pido y concreto, aunque ahora, conociendo la existencia de este sector libertario, le cuesta mucho convencer p\u00fablicamente que no es m\u00e1s que una acci\u00f3n oportunista para quedarse con el sello de una marca pol\u00edtica partidaria de alta cotizaci\u00f3n actualmente.<\/p>\n\n\n\n<p>Viendo m\u00e1s de arriba la situaci\u00f3n, se trata de una disputa por conformar una organizaci\u00f3n de la cual el presidente&nbsp;<strong>Javier Gerardo Milei<\/strong>&nbsp;y su hermana&nbsp;<strong>Karina<\/strong>&nbsp;no necesitaron para llegar a gobernar el pa\u00eds, ya que los sellos partidarios lo aportaron agrupaciones tradicionales como el Partido Dem\u00f3crata, con raigambre mendocina, y otras expresiones m\u00e1s peque\u00f1as que se formaron, como el Partido Libertario (de donde viene Arrieta), para darle forma al frente electoral que llev\u00f3 a la&nbsp;<em>hermandad<\/em>&nbsp;a la presidencia.<\/p>\n\n\n\n<p>Esta ma\u00f1ana de viernes 26, Barraza se ocup\u00f3 de enfatizar que no ten\u00eda nada que ver pol\u00edticamente con el dirigente de La Uni\u00f3n Mendocina Omar De Marchi . Lo dijo en el programa&nbsp;<em>Jornada de #6a7<\/em>&nbsp;(de lunes a viernes de 6 a 7, Radio Jornada 91.9; 101.1 en el Este y 96.9 en Lujan de Cuyo). Adem\u00e1s especific\u00f3 que present\u00f3 su idea de partido viendo las desaveniencias entre el PL y Arrieta aunque admiti\u00f3 no conocer la presentaci\u00f3n que la parlamentaria hab\u00eda hecho dos meses antes.<\/p>\n\n\n\n<p>Ahora, en esta pulseada hay una fecha clave que es el<strong>&nbsp;jueves 9 de mayo<\/strong>. Ese d\u00eda a las 12:00, el juez Quir\u00f3s ha fijado la reuni\u00f3n donde se concretar\u00e1 el cara a cara entre Barraza y Arrieta y los asesores respectivos. Por procedimiento, es una instancia que se debe cumplir para darle elementos de juzgamiento a Quir\u00f3s sobre el pedido de Barraza para quedarse con el tan deseado t\u00edtulo partidario.<\/p>\n\n\n\n<p>El careo judicial entre libertarios<\/p>\n\n\n\n<p>El magistrado no solo ha convocado al segmento de Arrieta: tambi\u00e9n a los otros actores partidarios que han conformado el frente libertario y que se sientan afectados por el emprendimiento de Barraza.&nbsp;<\/p>\n\n\n\n<p>Arrieta mostrar\u00e1 lo que est\u00e1 ya incorporado en su expediente, que es la carta de recomendaci\u00f3n de los primos riojanos&nbsp;<strong>Mart\u00edn y Lule Menem,<\/strong>&nbsp;colaboradores directos de hermandad Milei. Los sobrinos del expresidente aprovecharon y formaron en tiempos de la campa\u00f1a electoral el partido en la provincia andina y est\u00e1n replicando el modelo en el territorio nacional con el consentimiento de Karina, que busca tener su propia herramienta electoral con vistas a las elecciones legislativas de 2025.<\/p>\n\n\n\n<p>En ese periodo de evaluaci\u00f3n judicial inciden mucho las fechas de presentaci\u00f3n de los pedidos formales ante la justicia electoral. En este caso, la versi\u00f3n&nbsp;<em>oficial<\/em>&nbsp;de LLA lleva ventaja porque fue la primera que se present\u00f3 a fines de enero de este a\u00f1o. Mientras que LLA versi\u00f3n&nbsp;<em>blue<\/em>&nbsp;present\u00f3 su petici\u00f3n en marzo.&nbsp;<\/p>\n\n\n\n<p>&#8220;Denuncian&#8221; a muertos que resucitan y avalan y la defensa de Arrieta<\/p>\n\n\n\n<p>En este transcurso el clima se espes\u00f3 con denuncias &#8220;furtivas&#8221;, es decir, instaladas informalmente,&nbsp;<strong>de presentaciones de adhesiones ap\u00f3crifas o de personas muertas con adhesiones posteriores a la defunci\u00f3n<\/strong>. La&nbsp;<strong>justicia pudo comprobar&nbsp;<\/strong>este tipo de irregularidades y por eso&nbsp;<strong>rechaz\u00f3 485 adhesiones de Arrieta, &#8220;por no ser electores de este Distrito, no existir el elector, ya existir adhesi\u00f3n al partido y adhesiones de electores fallecidos&#8221;<\/strong>, seg\u00fan la letra judicial. Los que promueven esta arremetida contra la legisladora son integrantes del Partido Libertario ofendidos con ella por haberlos abandonado al poco tiempo de haber asumido la banca en el Congreso. Dicho sea de paso algunos libertarios han prestado atenci\u00f3n al emprendimiento de Barrasa esperando as\u00ed bloquear el proyecto electoral de Arrieta.&nbsp;<\/p>\n\n\n\n<p>En contrapartida, la joven parlamentaria que est\u00e1 haciendo sus primeros pasos en la pol\u00edtica con los tropiezos correspondientes, se defiende de estas acusaciones diciendo que le quisieron copar su banca en el plano de las decisiones intentando as\u00ed a reducirla a una mera figura decorativa.&nbsp; Esta situaci\u00f3n llev\u00f3 a un episodio judicial que cuenta la mismas Arrieta cuando explica por qu\u00e9 se alej\u00f3 del PL y se acerc\u00f3 a Mart\u00edn Menem.<\/p>\n\n\n\n<p>Desde ese sector de Arrieta entienden que haber accedido a ese sitial parlamentario fue una sorpresa para todos, pero m\u00e1s para los mismos dirigentes del Partido Libertario que no imaginaron la dimensi\u00f3n que alcanz\u00f3 Milei&nbsp; y que iba a arrasar en la elecci\u00f3n en Mendoza, lo que posibilit\u00f3 que entraran tres diputados nacionales por la LLA, incluida la sorprendente Arrieta que ahora est\u00e1 sponsoreada con la c\u00fapula instalada en la Casa Rosada. Adem\u00e1s, quien ahora aparece apoy\u00e1ndola en Mendoza directamente es el&nbsp;<em>influencer<\/em>&nbsp;ministro de Defensa&nbsp;<strong>Luis Petri.&nbsp;<\/strong><\/p>\n\n\n\n<p>FUENTE: Mendozapost.<\/p>\n","protected":false},"excerpt":{"rendered":"<p>Hay una carrera legal y pol\u00edtica por el sello partidario de La Libertad&nbsp; (LLA) en Mendoza.&nbsp;Esta &#8220;competencia&#8221;&nbsp;tiene un par de cap\u00edtulos donde la rosca se retuerce hay mucha tensi\u00f3n por ejemplo, por el acopio de adhesiones en estos d\u00edas. Las presentaciones judiciales para lograr la personer\u00eda partidaria cambiaron la marcha. La Libertad Avanza&nbsp;oficial&nbsp;que gestiona la [&hellip;]<\/p>\n","protected":false},"author":2,"featured_media":7112,"comment_status":"open","ping_status":"open","sticky":true,"template":"","format":"standard","meta":[],"categories":[47],"tags":[],"_links":{"self":[{"href":"https:\/\/pasaenmendoza.com\/index.php?rest_route=\/wp\/v2\/posts\/7103"}],"collection":[{"href":"https:\/\/pasaenmendoza.com\/index.php?rest_route=\/wp\/v2\/posts"}],"about":[{"href":"https:\/\/pasaenmendoza.com\/index.php?rest_route=\/wp\/v2\/types\/post"}],"author":[{"embeddable":true,"href":"https:\/\/pasaenmendoza.com\/index.php?rest_route=\/wp\/v2\/users\/2"}],"replies":[{"embeddable":true,"href":"https:\/\/pasaenmendoza.com\/index.php?rest_route=%2Fwp%2Fv2%2Fcomments&post=7103"}],"version-history":[{"count":2,"href":"https:\/\/pasaenmendoza.com\/index.php?rest_route=\/wp\/v2\/posts\/7103\/revisions"}],"predecessor-version":[{"id":7113,"href":"https:\/\/pasaenmendoza.com\/index.php?rest_route=\/wp\/v2\/posts\/7103\/revisions\/7113"}],"wp:featuredmedia":[{"embeddable":true,"href":"https:\/\/pasaenmendoza.com\/index.php?rest_route=\/wp\/v2\/media\/7112"}],"wp:attachment":[{"href":"https:\/\/pasaenmendoza.com\/index.php?rest_route=%2Fwp%2Fv2%2Fmedia&parent=7103"}],"wp:term":[{"taxonomy":"category","embeddable":true,"href":"https:\/\/pasaenmendoza.com\/index.php?rest_route=%2Fwp%2Fv2%2Fcategories&post=7103"},{"taxonomy":"post_tag","embeddable":true,"href":"https:\/\/pasaenmendoza.com\/index.php?rest_route=%2Fwp%2Fv2%2Ftags&post=7103"}],"curies":[{"name":"wp","href":"https:\/\/api.w.org\/{rel}","templated":true}]}}