{"id":7104,"date":"2024-04-26T14:52:18","date_gmt":"2024-04-26T12:52:18","guid":{"rendered":"https:\/\/pasaenmendoza.com\/?p=7104"},"modified":"2024-04-26T14:52:19","modified_gmt":"2024-04-26T12:52:19","slug":"la-familia-de-la-desaparecida-ivana-molina-espera-el-juicio-contra-su-ex-pareja-carlos-diaz","status":"publish","type":"post","link":"https:\/\/pasaenmendoza.com\/?p=7104","title":{"rendered":"La familia de la desaparecida Ivana Molina espera el juicio contra su ex pareja Carlos D\u00edaz"},"content":{"rendered":"\n<p><strong>Ivana Molina ten\u00eda 39 a\u00f1os<\/strong>\u00a0la \u00faltima vez que la vieron en abril del 2023. A un a\u00f1o de su desaparici\u00f3n, su familia cree que el autor del\u00a0<strong>femicidio<\/strong>\u00a0<strong>fue su ex pareja, Carlos D\u00edaz, de 65 a\u00f1os<\/strong>, quien est\u00e1 preso a la espera del juicio a pesar de que el cuerpo de la mujer nunca se encontr\u00f3. Mayra Molina, hermana de la v\u00edctima, agreg\u00f3 que\u00a0<strong>creen que alguien m\u00e1s particip\u00f3 en el hecho<\/strong>, pero que el imputado se niega a declarar.<\/p>\n\n\n\n<p>&#8220;Sentimos mucha incertidumbre&#8221;, expres\u00f3 Mayra Molina. &#8220;<strong>Ya pas\u00f3 un a\u00f1o y no se sabe nada de mi hermana.<\/strong>\u00a0Solo nos queda esperar el juicio a ver qu\u00e9 pasa con Carlos D\u00edaz, ver cu\u00e1l ser\u00eda su condena. Es lo \u00fanico que nos queda&#8221;, se sincer\u00f3.\u00a0<strong>Pero todav\u00eda no hay fecha<\/strong>.<\/p>\n\n\n\n<p><strong>Carlos D\u00edaz est\u00e1 preso e imputado por homicidio agravado por el v\u00ednculo y por mediar violencia de g\u00e9nero<\/strong>, lo que prev\u00e9 una pena de<strong>&nbsp;prisi\u00f3n perpetua<\/strong>&nbsp;en caso de ser encontrado culpable.<\/p>\n\n\n\n<p>&#8220;<strong>Por las pruebas que hay, sabemos que \u00e9l es el homicida de mi hermana<\/strong>, est\u00e1 detenido y est\u00e1 imputado. Seguramente como ya se cumpli\u00f3 un a\u00f1o vendr\u00e1 el juicio para que lo condenen&#8221;, indic\u00f3 Mayra Molina.<\/p>\n\n\n\n<p>A pesar de haber pasado un a\u00f1o,\u00a0<strong>el cuerpo de Ivana Molina no fue encontrado hasta el momento<\/strong>. &#8220;<strong>Para m\u00ed quiz\u00e1s hay otra persona m\u00e1s involucrada en todo esto y que posiblemente \u00e9l est\u00e1 cubriendo<\/strong>. Es la \u00fanica opci\u00f3n que me queda para pensar: que por eso no declara ni dice qu\u00e9 hizo con ella o con su cuerpo&#8221;.<\/p>\n\n\n\n<p>Adem\u00e1s, la hermana de la v\u00edctima expres\u00f3: &#8220;<strong>Es terrible no tener un lugar ni saber d\u00f3nde est\u00e1 ella<\/strong>, es una agon\u00eda que no termina m\u00e1s el no habernos podido ni despedir.&nbsp;<strong>Si sus hijos le quieren llevar una flor, no tienen d\u00f3nde<\/strong>. Es una situaci\u00f3n terrible, traum\u00e1tica&#8221;.<\/p>\n\n\n\n<h2 class=\"wp-block-heading\">El femicidio de Ivana Molina<\/h2>\n\n\n\n<p>La fiscal de Homicidios Claudia R\u00edos&nbsp;<strong>determin\u00f3 que el 7 de abril del 2023 Carlos D\u00edaz asesin\u00f3 a Ivana Molina en su casa del barrio Las Rosas, de Las Heras<\/strong>, donde la Justicia orden\u00f3 varios allanamientos pero sin encontrar el cuerpo de la mujer. Fue su sobrina quien advirti\u00f3 que algo pasaba, ya que no pod\u00eda comunicarse con ella, e hizo la denuncia.<\/p>\n\n\n\n<p>Carlos D\u00edaz fue citado a declarar y se present\u00f3 ante la justicia donde<strong>\u00a0dio su versi\u00f3n e indic\u00f3 que hac\u00eda tiempo que no la ve\u00eda<\/strong>. La causa avanz\u00f3 y con el correr de los d\u00edas las pruebas apuntaban al hombre de 65 a\u00f1os.<\/p>\n\n\n\n<p>Al ir a buscarlo a su casa nuevamente, no lo encontraron.&nbsp;<strong>Fue capturado varias semanas despu\u00e9s en Buenos Aires, hasta donde hab\u00eda viajado en rem\u00eds,&nbsp;<\/strong>el cual le hab\u00eda salido $60.000 en aquel momento.<\/p>\n\n\n\n<p>Al regresar a Mendoza fue imputado por la fiscal Claudia R\u00edos y pas\u00f3 directamente al penal. En su casa<strong>&nbsp;hab\u00edan encontrado manchas de sangre que pertenecen a Ivana Molina,<\/strong>&nbsp;pero la excusa del sospechoso fue que ella hab\u00eda ido a su casa a pesar de estar separados y tuvieron relaciones. Dijo que la mujer menstruaba en ese momento y por eso hab\u00eda sangre de ella.<\/p>\n\n\n\n<p>En la audiencia de prisi\u00f3n preventiva se revel\u00f3 que las pericias psiqui\u00e1tricas indicaron que &#8220;<strong>es impulsivo, con reacciones agresivas<\/strong>, con poca tolerancia a la frustraci\u00f3n. Tiende a negar los conflictos, minimizarlo, y con relato<strong>&nbsp;tendiente a victimizarse<\/strong>&#8220;.<\/p>\n\n\n\n<p>Adem\u00e1s, R\u00edos sostuvo que la acusaci\u00f3n en su contra\u00a0<strong>prev\u00e9 una pena de prisi\u00f3n perpetua<\/strong>, y que no pod\u00eda recibir el beneficio de prisi\u00f3n domiciliaria, ya que\u00a0<strong>hab\u00eda riesgo de entorpecimiento de la investigaci\u00f3n,\u00a0<\/strong>adem\u00e1s de que tambi\u00e9n exist\u00eda el\u00a0<strong>peligro de fuga<\/strong>. &#8220;Sabemos que no se va a someter a proceso&#8221;, expres\u00f3 la fiscal y el juez decidi\u00f3 que quedara en prisi\u00f3n mientras se avanzaba con la investigaci\u00f3n.<\/p>\n\n\n\n<p><strong>Fuente: www.diariouno.com.ar<\/strong><\/p>\n","protected":false},"excerpt":{"rendered":"<p>Ivana Molina ten\u00eda 39 a\u00f1os\u00a0la \u00faltima vez que la vieron en abril del 2023. A un a\u00f1o de su desaparici\u00f3n, su familia cree que el autor del\u00a0femicidio\u00a0fue su ex pareja, Carlos D\u00edaz, de 65 a\u00f1os, quien est\u00e1 preso a la espera del juicio a pesar de que el cuerpo de la mujer nunca se encontr\u00f3. [&hellip;]<\/p>\n","protected":false},"author":2,"featured_media":7105,"comment_status":"open","ping_status":"open","sticky":false,"template":"","format":"standard","meta":[],"categories":[48],"tags":[],"_links":{"self":[{"href":"https:\/\/pasaenmendoza.com\/index.php?rest_route=\/wp\/v2\/posts\/7104"}],"collection":[{"href":"https:\/\/pasaenmendoza.com\/index.php?rest_route=\/wp\/v2\/posts"}],"about":[{"href":"https:\/\/pasaenmendoza.com\/index.php?rest_route=\/wp\/v2\/types\/post"}],"author":[{"embeddable":true,"href":"https:\/\/pasaenmendoza.com\/index.php?rest_route=\/wp\/v2\/users\/2"}],"replies":[{"embeddable":true,"href":"https:\/\/pasaenmendoza.com\/index.php?rest_route=%2Fwp%2Fv2%2Fcomments&post=7104"}],"version-history":[{"count":1,"href":"https:\/\/pasaenmendoza.com\/index.php?rest_route=\/wp\/v2\/posts\/7104\/revisions"}],"predecessor-version":[{"id":7106,"href":"https:\/\/pasaenmendoza.com\/index.php?rest_route=\/wp\/v2\/posts\/7104\/revisions\/7106"}],"wp:featuredmedia":[{"embeddable":true,"href":"https:\/\/pasaenmendoza.com\/index.php?rest_route=\/wp\/v2\/media\/7105"}],"wp:attachment":[{"href":"https:\/\/pasaenmendoza.com\/index.php?rest_route=%2Fwp%2Fv2%2Fmedia&parent=7104"}],"wp:term":[{"taxonomy":"category","embeddable":true,"href":"https:\/\/pasaenmendoza.com\/index.php?rest_route=%2Fwp%2Fv2%2Fcategories&post=7104"},{"taxonomy":"post_tag","embeddable":true,"href":"https:\/\/pasaenmendoza.com\/index.php?rest_route=%2Fwp%2Fv2%2Ftags&post=7104"}],"curies":[{"name":"wp","href":"https:\/\/api.w.org\/{rel}","templated":true}]}}