{"id":7109,"date":"2024-04-26T15:00:48","date_gmt":"2024-04-26T13:00:48","guid":{"rendered":"https:\/\/pasaenmendoza.com\/?p=7109"},"modified":"2024-04-26T15:00:49","modified_gmt":"2024-04-26T13:00:49","slug":"la-pampa-volvio-a-la-corte-nacional-para-reclamar-contra-mendoza-por-el-agua-del-rio-atuel","status":"publish","type":"post","link":"https:\/\/pasaenmendoza.com\/?p=7109","title":{"rendered":"La Pampa volvi\u00f3 a la Corte nacional para reclamar contra Mendoza por el agua del r\u00edo Atuel"},"content":{"rendered":"\n<p>El gobernador de La Pampa Sergio Ziliotto pidi\u00f3 a la Corte Suprema de Justicia que intervenga con urgencia para hacer cumplir un fallo sobre el r\u00edo Atuel<\/p>\n\n\n\n<p>Despu\u00e9s de un tiempo de tensa calma,<a href=\"https:\/\/www.diariouno.com.ar\/contenidos\/resultado.html?search=La+Pampa+Atuel#gsc.tab=0&amp;gsc.q=La%20Pampa%20Atuel&amp;gsc.page=1\" target=\"_blank\" rel=\"noreferrer noopener\"><strong>&nbsp;La Pampa<\/strong>&nbsp;volvi\u00f3 al ataque contra Mendoza&nbsp;<\/a>para reclamar por las aguas del&nbsp;<a href=\"https:\/\/www.diariouno.com.ar\/contenidos\/resultado.html?search=r%C3%ADo+atuel#gsc.tab=0&amp;gsc.q=r%C3%ADo%20atuel&amp;gsc.page=1\" target=\"_blank\" rel=\"noreferrer noopener\">r\u00edo Atuel.&nbsp;<\/a>Esta semana el gobernador de la provincia vecina realiz\u00f3 una nueva presentaci\u00f3n ante la Corte Suprema de Justicia de la Naci\u00f3n para pedir la &#8220;urgente&#8221; intervenci\u00f3 del m\u00e1ximo tribunal en el diferendo interprovincial.<\/p>\n\n\n\n<p>El mandatario pampeano, Sergio Ziliotto, se bas\u00f3 en un informe t\u00e9cnico que -asegura- fue realizado en base a datos oficiales difundidos por el gobierno de Mendoza.<\/p>\n\n\n\n<p>Ziliotto hizo una publicaci\u00f3n en redes sociales, que titul\u00f3:\u00a0<strong>&#8220;R\u00edo Atuel, el fin de las excusas de Mendoza: Agua hay&#8221;.<\/strong><\/p>\n\n\n\n<h2 class=\"wp-block-heading\">El reclamo de La Pampa contra Mendoza<\/h2>\n\n\n\n<p>No es la primera vez que La Pampa se queja y reclama por las aguas del r\u00edo Atuel. Tampoco es la primera vez que recurre a la Corte Suprema. Ahora lo que pide es que el tribunal haga cumplir el fallo de 2020 que orden\u00f3 a Mendoza liberar la erogaci\u00f3n de 3,2 m3\/s. del caudal. Desde Mendoza se ha sostenido reiteradamente que no es posible acatar esa resoluci\u00f3n simplemente porque no hay esa cantidad de agua.<\/p>\n\n\n\n<p>Ziliotto hizo mucho hincapi\u00e9 en el hecho de que el mi\u00e9rcoles lleg\u00f3 agua del Atuel a territorio pampeano. Fue producto de que llovi\u00f3 y cayeron hasta 100 mil\u00edmetros en el oeste de esa provincia y el Sur de Mendoza.<strong><em><\/em><\/strong><\/p>\n\n\n\n<p>Algo parecido sucedi\u00f3 en enero de este a\u00f1o.<\/p>\n\n\n\n<p>La Agencia Provincial de Noticias de La Pampa y el diario Textual dieron cuenta de que &#8220;<strong>un informe t\u00e9cnico corrobora y acredita fehacientemente que el r\u00edo Atuel presenta \u00f3ptimas condiciones -volumen de caudal- para cumplimentar en forma permanente el fallo de la Corte de 2020, que fij\u00f3 un caudal de 3,2 m3\/s en su ingreso a la provincia de La Pampa&#8221;.<\/strong><\/p>\n\n\n\n<p>Tambi\u00e9n explicaron que esa informaci\u00f3n&nbsp;<strong>&#8220;est\u00e1 basada en datos oficiales publicados por Mendoza y es el sustento de una nueva presentaci\u00f3n ante la Corte Suprema de Justicia, realizada en el d\u00eda de la fecha<\/strong>&nbsp;(24 de abril)&nbsp;<strong>por el gobernador Sergio Ziliotto, en el marco de la demanda original&#8221;.<\/strong><\/p>\n\n\n\n<p>&#8220;Si Mendoza tuviese la voluntad de cumplir con el caudal dispuesto, lo podr\u00eda hacer sin problema alguno sin afectar sus usos destinados a riego&#8221;, se quejan desde La Pampa.<\/p>\n\n\n\n<p>El informe t\u00e9cnico elaborado por el organismo CIAI (Comisi\u00f3n Interprovincial del Atuel Inferior ) analizado por Ziliotto destaca, en algunos de sus puntos, las siguientes conclcusiones:<\/p>\n\n\n\n<ul>\n<li>Se acredita en el informe un sobreriego, tendiente a recargar el perfil del suelo y as\u00ed alimentar a las aguas subterr\u00e1neas y las perforaciones en la zona, buscando reducir el agua sobrante y, por ende, disminuir el agua disponible que escurrir\u00eda hacia La Pampa.<\/li>\n\n\n\n<li>Tambi\u00e9n se confirman derivaciones de agua con destino redes de riego a parcelas abandonadas, a redes sin impermeabilizar o a la propia red drenaje, sin justificaciones en esta \u00e9poca del a\u00f1o, tanto desde el abastecimiento o al desarrollo de los cultivos.<\/li>\n\n\n\n<li>Adem\u00e1s, se acredita el llenado de m\u00e1s reservorios en el \u00e1rea de riego. Desde 2020, a\u00f1o del fallo, se incrementaron de 160 a 260.<\/li>\n\n\n\n<li>Tambi\u00e9n se constat\u00f3 que en la actualidad se desv\u00edan caudales de manera exclusiva para importantes bodegas como usuarios privilegiados de agua en la cuenca. En uno de estos casos, los caudales para una \u00fanica bodega fueron superiores a los 3m3\/s..<\/li>\n\n\n\n<li>Un dato alarmante muestra que el caudal que Mendoza asigna a una sola bodega es equivalente al agua que estableci\u00f3 esta Corte para La Pampa<\/li>\n<\/ul>\n\n\n\n<p>FUENTE: Diariouno.com.ar <a rel=\"noreferrer noopener\" href=\"https:\/\/www.facebook.com\/dialog\/feed?app_id=161316767303985&amp;link=https%3A%2F%2Fwww.diariouno.com.ar%2Fpolitica%2Fla-pampa-volvio-la-corte-nacional-reclamar-contra-mendoza-el-agua-del-rio-atuel-n1314131&amp;name=La+Pampa+volvi%C3%B3+a+la+Corte+nacional+para+reclamar+contra+Mendoza+por+el+agua+del+r%C3%ADo+Atuel&amp;caption=La+Pampa&amp;description=El+gobernador+de+La+Pampa+Sergio+Ziliotto+pidi%C3%B3+a+la+Corte+Suprema+de+Justicia+que+intervenga+con+urgencia+para+hacer+cumplir+un+fallo+sobre+el+r%C3%ADo+Atuel&amp;redirect_uri=https%3A%2F%2Fwww.diariouno.com.ar%2Fpolitica%2Fla-pampa-volvio-la-corte-nacional-reclamar-contra-mendoza-el-agua-del-rio-atuel-n1314131\" target=\"_blank\"><\/a><\/p>\n\n\n\n<p><a rel=\"noreferrer noopener\" href=\"https:\/\/twitter.com\/intent\/tweet?url=https%3A%2F%2Fwww.diariouno.com.ar%2Fc1314131&amp;related=diariouno&amp;text=La+Pampa+volvi%C3%B3+a+la+Corte+nacional+para+reclamar+contra+Mendoza+por+el+agua+del+r%C3%ADo+Atuel&amp;via=diariouno\" target=\"_blank\"><\/a><\/p>\n\n\n\n<p><a href=\"mailto:?body=https%3A%2F%2Fwww.diariouno.com.ar%2Fpolitica%2Fla-pampa-volvio-la-corte-nacional-reclamar-contra-mendoza-el-agua-del-rio-atuel-n1314131&amp;subject=%E2%80%9CLa%20Pampa%20volvi%C3%B3%20a%20la%20Corte%20nacional%20para%20reclamar%20contra%20Mendoza%20por%20el%20agua%20del%20r%C3%ADo%20Atuel%E2%80%9D\"><\/a><\/p>\n\n\n\n<p><a rel=\"noreferrer noopener\" href=\"https:\/\/api.whatsapp.com\/send?text=%E2%80%9CLa%20Pampa%20volvi%C3%B3%20a%20la%20Corte%20nacional%20para%20reclamar%20contra%20Mendoza%20por%20el%20agua%20del%20r%C3%ADo%20Atuel%E2%80%9D%20https%3A%2F%2Fwww.diariouno.com.ar%2Fpolitica%2Fla-pampa-volvio-la-corte-nacional-reclamar-contra-mendoza-el-agua-del-rio-atuel-n1314131\" target=\"_blank\"><\/a><\/p>\n","protected":false},"excerpt":{"rendered":"<p>El gobernador de La Pampa Sergio Ziliotto pidi\u00f3 a la Corte Suprema de Justicia que intervenga con urgencia para hacer cumplir un fallo sobre el r\u00edo Atuel Despu\u00e9s de un tiempo de tensa calma,&nbsp;La Pampa&nbsp;volvi\u00f3 al ataque contra Mendoza&nbsp;para reclamar por las aguas del&nbsp;r\u00edo Atuel.&nbsp;Esta semana el gobernador de la provincia vecina realiz\u00f3 una nueva [&hellip;]<\/p>\n","protected":false},"author":2,"featured_media":7110,"comment_status":"open","ping_status":"open","sticky":true,"template":"","format":"standard","meta":[],"categories":[47],"tags":[],"_links":{"self":[{"href":"https:\/\/pasaenmendoza.com\/index.php?rest_route=\/wp\/v2\/posts\/7109"}],"collection":[{"href":"https:\/\/pasaenmendoza.com\/index.php?rest_route=\/wp\/v2\/posts"}],"about":[{"href":"https:\/\/pasaenmendoza.com\/index.php?rest_route=\/wp\/v2\/types\/post"}],"author":[{"embeddable":true,"href":"https:\/\/pasaenmendoza.com\/index.php?rest_route=\/wp\/v2\/users\/2"}],"replies":[{"embeddable":true,"href":"https:\/\/pasaenmendoza.com\/index.php?rest_route=%2Fwp%2Fv2%2Fcomments&post=7109"}],"version-history":[{"count":1,"href":"https:\/\/pasaenmendoza.com\/index.php?rest_route=\/wp\/v2\/posts\/7109\/revisions"}],"predecessor-version":[{"id":7111,"href":"https:\/\/pasaenmendoza.com\/index.php?rest_route=\/wp\/v2\/posts\/7109\/revisions\/7111"}],"wp:featuredmedia":[{"embeddable":true,"href":"https:\/\/pasaenmendoza.com\/index.php?rest_route=\/wp\/v2\/media\/7110"}],"wp:attachment":[{"href":"https:\/\/pasaenmendoza.com\/index.php?rest_route=%2Fwp%2Fv2%2Fmedia&parent=7109"}],"wp:term":[{"taxonomy":"category","embeddable":true,"href":"https:\/\/pasaenmendoza.com\/index.php?rest_route=%2Fwp%2Fv2%2Fcategories&post=7109"},{"taxonomy":"post_tag","embeddable":true,"href":"https:\/\/pasaenmendoza.com\/index.php?rest_route=%2Fwp%2Fv2%2Ftags&post=7109"}],"curies":[{"name":"wp","href":"https:\/\/api.w.org\/{rel}","templated":true}]}}