{"id":7114,"date":"2024-04-26T22:36:11","date_gmt":"2024-04-26T20:36:11","guid":{"rendered":"https:\/\/pasaenmendoza.com\/?p=7114"},"modified":"2024-04-26T22:36:12","modified_gmt":"2024-04-26T20:36:12","slug":"un-desfile-inclusivo-de-moda-circular-causa-revuelo-este-viernes-en-la-nave-cultural","status":"publish","type":"post","link":"https:\/\/pasaenmendoza.com\/?p=7114","title":{"rendered":"Un desfile inclusivo de moda circular causa revuelo este viernes en la Nave Cultural"},"content":{"rendered":"\n<p>Por primera vez en Mendoza se realizar\u00e1\u00a0<strong>un desfile inclusivo que toma a la\u00a0moda circular\u00a0como protagonista<\/strong>\u00a0y se brinda como espacio para concientizar sobre la importancia de la variedad de talles en la industria textil. Se trata del cierre del\u00a0<strong>primer taller mendocino de modelaje sin distinci\u00f3n de g\u00e9nero ni estereotipos f\u00edsicos o sociales<\/strong>, que se dar\u00e1 este viernes en la Nave Cultural.<\/p>\n\n\n\n<p>La propuesta lleg\u00f3 en septiembre del a\u00f1o pasado gracias a una alianza entre el \u00e1rea de Juventudes de la Ciudad de Mendoza y la agencia JM Models. De acceso libre y gratuito,&nbsp;<strong>el taller brind\u00f3 herramientas no s\u00f3lo relacionadas al mundo de la moda y sus modelos, sino m\u00e1s bien a la autovaloraci\u00f3n y la aceptaci\u00f3n de cada participante tal cual<\/strong>&nbsp;<strong>es<\/strong>, sin prejuicios ni etiquetas.<\/p>\n\n\n\n<p>Durante todo este tiempo, unos 50 participantes aprendieron sobre el\u00a0<strong>mundo del modelaje, haci\u00e9ndolo desde una perspectiva sin discriminaci\u00f3n por g\u00e9nero, peso o edad<\/strong>. Enfocado principalmente en las juventudes, el taller tendr\u00e1 una segunda edici\u00f3n a partir del mes que viene.<\/p>\n\n\n\n<p>&#8220;Este es el&nbsp;<strong>primer taller de modelaje gratuito e inclusivo<\/strong>&nbsp;en la historia de la provincia, en un mes comenzar\u00e1n las inscripciones para una nueva edici\u00f3n donde esperamos capacitar a m\u00e1s j\u00f3venes, agregar conversatorios y que el desfile pr\u00f3ximo pueda escalar&#8221;, anticip\u00f3 Maximiliano Garrido, coordinador de Juventudes de Capital, quien destac\u00f3 que con este evento &#8220;<strong>buscamos potenciar y acompa\u00f1ar las distintas etapas de las juventudes<\/strong>, cada espacio y actividad dentro de este cierre tiene una raz\u00f3n de ser&#8221;.<\/p>\n\n\n\n<p>Es que el Juventudes Fashion Day contar\u00e1 este viernes, a partir de las 17, con\u00a0<strong>juegos tem\u00e1ticos, el desfile inclusivo, una feria de moda circular<\/strong>\u00a0con stands de emprendedores locales, intervenciones art\u00edsticas como bailes, arte con esculturas y cuadros, y\u00a0<strong>un espacio para disfrutar de gastronom\u00eda y bebidas con foodtrucks<\/strong>\u00a0as\u00ed como degustar cervezas tiradas y vinos. Adem\u00e1s, formar\u00e1 parte la\u00a0<strong>Federaci\u00f3n Mendocina de Ajedrez<\/strong>. La entrada es libre y gratuita.<\/p>\n\n\n\n<h2 class=\"wp-block-heading\">La moda circular se fusiona con el modelaje inclusivo<\/h2>\n\n\n\n<p>El prop\u00f3sito de los organizadores es&nbsp;<strong>alentar el emprendedurismo y la moda circular<\/strong>&nbsp;en los j\u00f3venes, y m\u00e1s a\u00fan concientizar sobre la importancia de la variedad de talles dentro de la industria textil.<\/p>\n\n\n\n<p>En este encuentro,<strong>&nbsp;la Sala 1 de la Nave Cultural ser\u00e1 el escenario principal del desfile, con tres pasadas de cada modelo<\/strong>. Tambi\u00e9n habr\u00e1 una intervenci\u00f3n especial de &#8220;femme and heels&#8221; a cargo de La Bruta, se trata de&nbsp;<strong>un estilo de baile donde se usan tacos altos para destacar movimientos sensuales y expresivos<\/strong>. Una veintena de emprendedores y emprendedoras de moda circular desplegar\u00e1n sus ropas para quienes asistan al evento, y lo har\u00e1n en los jardines de la Nave.<\/p>\n\n\n\n<p>La\u00a0<strong>Federaci\u00f3n Mendocina de Ajedrez<\/strong>\u00a0-que est\u00e1 cumpliendo 50 a\u00f1os, &#8220;festeja con nosotros que existan espacios donde convergen chicos de todas las edades unidos por este hermoso juego;\u00a0<strong>tanto las exhibiciones de ajedrez, intervenciones de K-pop y el taller de modelaje son espacios de contenci\u00f3n, de est\u00edmulo y crecimiento para los j\u00f3venes<\/strong>\u00a0de la Ciudad&#8221;, destac\u00f3 Maxi Garrido.<\/p>\n\n\n\n<p><strong>El desfile ser\u00e1 considerado<\/strong>&nbsp;<strong>el trabajo final de los y las participantes del taller de modelaje inclusivo<\/strong>. Expondr\u00e1n, frente al p\u00fablico, todo lo aprendido, modelando y luciendo prendas de los emprendedores convocados. Se espera que un millar de asistentes disfruten de esta novedosa propuesta cultural, que contar\u00e1 con<strong>&nbsp;la presencia de la Reina y la Virreina Nacional de la Vendimia y los Reyes de la Vendimia para Todos<\/strong>.<\/p>\n\n\n\n<p>&#8220;Esta propuesta busca visibilizar la importancia de&nbsp;<strong>mantener espacios que alienten a la juventud a superarse todos los d\u00edas<\/strong>&#8220;, explic\u00f3 el funcionario del \u00e1rea municipal de Juventudes capitalina. Y agreg\u00f3 que &#8220;en cuanto a G\u00e9nero y Diversidad,&nbsp;<strong>que el taller sea dado por una persona trans<\/strong>&nbsp;tambi\u00e9n es muy importante, por eso habr\u00e1 stands informativos de programas provinciales y municipales que acompa\u00f1an estas realidades&#8221;.<\/p>\n\n\n\n<h2 class=\"wp-block-heading\">Un desfile de moda que rompe con los estereotipos<\/h2>\n\n\n\n<p>A trav\u00e9s del taller de modelaje inclusivo, se brindaron herramientas para&nbsp;<strong>promover y trabajar la seguridad y la confianza<\/strong>&nbsp;bajo el lema &#8220;cualquiera puede modelar&#8221;, entendiendo que el mundo del modelaje es una industria reconocida por ser muy selectiva, creando inseguridades y apartando a quienes lucen diferentes al modelo estereot\u00edpico.<\/p>\n\n\n\n<p>Dictado por Mar\u00eda Jos\u00e9 Geroli, m\u00e1s conocida como&nbsp;<strong>Majo \u00c1vila<\/strong>&nbsp;-fundadora de la agencia JM Models, el taller se desarroll\u00f3 en 13 clases de 3 horas y media de duraci\u00f3n cada una, en las cuales&nbsp;<strong>se abordaron tem\u00e1ticas como el autoconocimiento del cuerpo, t\u00e9cnicas de postura, poses y pasarela, automaquillaje y autopeinado, oratoria, fotograf\u00eda y protocolo<\/strong>.<\/p>\n\n\n\n<p>Pero adem\u00e1s, los participantes cada s\u00e1bado aprendieron sobre el cuidado de la salud mental, claves para una buena alimentaci\u00f3n y herramientas para el empoderamiento personal. &#8220;<strong>Cada clase fue un juego de emociones porque \u00edbamos rompiendo los cascarones mientras gener\u00e1bamos un c\u00edrculo de confort para expresarnos<\/strong>&#8220;, remarc\u00f3 Majo \u00c1vila.<\/p>\n\n\n\n<p>Ella es&nbsp;<strong>una chica trans que hace 5 a\u00f1os fund\u00f3 JM Models, una agencia de modelos inclusiva<\/strong>&nbsp;&#8220;donde se acepta a cada persona que quiera ingresar sin ning\u00fan tipo de prejuicios ni etiquetas&#8221;.<\/p>\n\n\n\n<p>El prop\u00f3sito de Majo \u00c1vila para con su emprendimiento de modelaje es &#8220;<strong>ir logrando<\/strong>\u00a0<strong>vencer cada uno de esos requisitos llamados normales que se deben cumplir para la sociedad<\/strong>\u00a0para que cada persona pueda cumplir poco a poco sus objetivos y sea m\u00e1s sencilla su realidad&#8221;.<\/p>\n\n\n\n<p><strong>&#8220;El objetivo es ponernos cada uno como prioridad y amarnos tal cual somos; de este modo la vida empieza a sonre\u00edrnos un poco m\u00e1s&#8221;.<\/strong><\/p>\n\n\n\n<p>Junto a la Municipalidad de la Ciudad de Mendoza, \u00c1vila lanzar\u00e1 en un mes las inscripciones para una&nbsp;<strong>segunda edici\u00f3n del taller de formaci\u00f3n de modelaje inclusivo<\/strong>. Y anticip\u00f3 que con el Juventudes Fashion Day &#8220;van a iluminarse tantas vidas, tantas realidades, que eso me tiene con las expectativas al 100&#8221;. Porque opin\u00f3 que con el taller &#8220;se modificaron tantas vidas que&nbsp;<strong>fue mucho m\u00e1s que un taller de modelaje; fue un taller de empoderamiento, de aprendizajes de vida<\/strong>&#8220;.<\/p>\n\n\n\n<p>Y, desde su lugar, celebr\u00f3 la apertura de espacios como el que se dar\u00e1 este viernes, pero subray\u00f3 que &#8220;faltan m\u00e1s espacios y m\u00e1s oportunidades donde podamos aceptar a las personas tal cual son&#8221;.<\/p>\n\n\n\n<h2 class=\"wp-block-heading\">Un desfile que apuesta al futuro de los j\u00f3venes<\/h2>\n\n\n\n<p>Acerca de esta primera experiencia, la directora de JM Models -quien estuvo al frente del taller- revel\u00f3 que se encontr\u00f3 con j\u00f3venes &#8220;con depresi\u00f3n o que se la pasaban encerrados en sus cuartos&#8221;. Y se mostr\u00f3 &#8220;muy orgullosa&#8221; porque &#8220;<strong>fui testigo de esos cambios de vida, donde muchos de los j\u00f3venes ve\u00edan que este espacio les hac\u00eda mejor que una terapia, o padres agradeci\u00e9ndome por haberle salvado la vida a su hijo o a su hija<\/strong>&#8220;.<\/p>\n\n\n\n<p>Majo \u00c1vila asegur\u00f3 que &#8220;<strong>hoy, gracias a este taller, estos chicos y estas chicas se han dado una oportunidad para quererse<\/strong>, para estudiar, para encontrar lo que les gusta hacer, para progresar y para emprender&#8221;. Para ella, propuestas como la que se dar\u00e1 este viernes en Capital son &#8220;una apuesta al futuro de los j\u00f3venes&#8221;.<\/p>\n\n\n\n<p>En este sentido, el coordinador de Juventud de la muni capitalina, Maximiliano Garrido, aport\u00f3 que &#8220;<strong>buscamos que estos programas, y esta visi\u00f3n de un acompa\u00f1amiento integral que lleva adelante la Capital, logre extenderse a todos los municipios<\/strong>; creemos en los proyectos colectivos y el trabajo en equipo. Los j\u00f3venes se merecen pol\u00edticas p\u00fablicas que los valoren y acompa\u00f1en&#8221;.<\/p>\n\n\n\n<p>El desfile inclusivo comienza este viernes con diferentes actividades y propuestas, todas enmarcadas en la igualdad de oportunidades y el respeto a la diversidad de g\u00e9nero.&nbsp;<strong>La Nave Cultural abre sus puertas a esta experiencia destinada principalmente a las juventudes, y que se desarrollar\u00e1 tanto en la Sala 1 como en los jardines<\/strong>&nbsp;de ese complejo ubicado en el Parque Central de la Ciudad de Mendoza.<\/p>\n\n\n\n<p>Con entrada libre y gratuita, a las 17 ya estar\u00e1 instalada la&nbsp;<strong>feria de emprendedores y emprendedoras de moda circular<\/strong>. A las 17.30, la Federaci\u00f3n Mendocina de Ajedrez brindar\u00e1 exhibiciones de este deporte. Una hora despu\u00e9s est\u00e1n pensadas las intervenciones de K-pop; y a las 19.30 llegar\u00e1 el momento m\u00e1s esperado: el desfile inclusivo.<\/p>\n\n\n\n<p>A las 21 llegar\u00e1 la intervenci\u00f3n del artista La Bruta con un show de &#8220;femme and heels&#8221;, sensual baile sobre tacones.<\/p>\n\n\n\n<p><strong>Fuente: www.diariouno.com.ar<\/strong><\/p>\n","protected":false},"excerpt":{"rendered":"<p>Por primera vez en Mendoza se realizar\u00e1\u00a0un desfile inclusivo que toma a la\u00a0moda circular\u00a0como protagonista\u00a0y se brinda como espacio para concientizar sobre la importancia de la variedad de talles en la industria textil. Se trata del cierre del\u00a0primer taller mendocino de modelaje sin distinci\u00f3n de g\u00e9nero ni estereotipos f\u00edsicos o sociales, que se dar\u00e1 este [&hellip;]<\/p>\n","protected":false},"author":2,"featured_media":7115,"comment_status":"open","ping_status":"open","sticky":false,"template":"","format":"standard","meta":[],"categories":[50],"tags":[],"_links":{"self":[{"href":"https:\/\/pasaenmendoza.com\/index.php?rest_route=\/wp\/v2\/posts\/7114"}],"collection":[{"href":"https:\/\/pasaenmendoza.com\/index.php?rest_route=\/wp\/v2\/posts"}],"about":[{"href":"https:\/\/pasaenmendoza.com\/index.php?rest_route=\/wp\/v2\/types\/post"}],"author":[{"embeddable":true,"href":"https:\/\/pasaenmendoza.com\/index.php?rest_route=\/wp\/v2\/users\/2"}],"replies":[{"embeddable":true,"href":"https:\/\/pasaenmendoza.com\/index.php?rest_route=%2Fwp%2Fv2%2Fcomments&post=7114"}],"version-history":[{"count":1,"href":"https:\/\/pasaenmendoza.com\/index.php?rest_route=\/wp\/v2\/posts\/7114\/revisions"}],"predecessor-version":[{"id":7116,"href":"https:\/\/pasaenmendoza.com\/index.php?rest_route=\/wp\/v2\/posts\/7114\/revisions\/7116"}],"wp:featuredmedia":[{"embeddable":true,"href":"https:\/\/pasaenmendoza.com\/index.php?rest_route=\/wp\/v2\/media\/7115"}],"wp:attachment":[{"href":"https:\/\/pasaenmendoza.com\/index.php?rest_route=%2Fwp%2Fv2%2Fmedia&parent=7114"}],"wp:term":[{"taxonomy":"category","embeddable":true,"href":"https:\/\/pasaenmendoza.com\/index.php?rest_route=%2Fwp%2Fv2%2Fcategories&post=7114"},{"taxonomy":"post_tag","embeddable":true,"href":"https:\/\/pasaenmendoza.com\/index.php?rest_route=%2Fwp%2Fv2%2Ftags&post=7114"}],"curies":[{"name":"wp","href":"https:\/\/api.w.org\/{rel}","templated":true}]}}