{"id":7117,"date":"2024-04-26T22:42:15","date_gmt":"2024-04-26T20:42:15","guid":{"rendered":"https:\/\/pasaenmendoza.com\/?p=7117"},"modified":"2024-04-26T22:42:17","modified_gmt":"2024-04-26T20:42:17","slug":"osde-informo-que-65-000-afiliados-en-mendoza-tendran-una-reduccion-del-22-en-sus-cuotas-desde-abril","status":"publish","type":"post","link":"https:\/\/pasaenmendoza.com\/?p=7117","title":{"rendered":"OSDE inform\u00f3 que 65.000 afiliados en Mendoza tendr\u00e1n una reducci\u00f3n del 22% en sus cuotas desde abril"},"content":{"rendered":"\n<p>La\u00a0<strong>Organizaci\u00f3n de Servicios Directos Empresarios (OSDE)<\/strong>, una de las obras sociales m\u00e1s importantes en Mendoza y en el pa\u00eds, hizo saber que en la facturaci\u00f3n de abril, que llegar\u00e1 en los pr\u00f3ximos d\u00edas,\u00a0<strong>reducir\u00e1 la cuota en un 22% con respecto a marzo y 65.000 afilados en la provincia se ver\u00e1n alcanzados<\/strong>\u00a0por este ajuste. As\u00ed lo aseveraron fuentes de la financiadora de medicina privada.<\/p>\n\n\n\n<p>El impacto de la medida es importante, teniendo en cuenta que hay&nbsp;<strong>unas 200 cautelares dictadas por la justicia federal<\/strong>&nbsp;en un c\u00famulo de presentaciones de socios de&nbsp;<strong>distintas prepagas<\/strong>&nbsp;y de las cuales se hizo lugar frenando los incrementos.<\/p>\n\n\n\n<p>S\u00f3lo OSDE dio a trascender que se acoger\u00e1 a lo ordenado por el gobierno nacional para que las<strong>\u00a0cuotas se ajusten por la inflaci\u00f3n<\/strong>\u00a0con la \u00faltima autorizaci\u00f3n y antes del\u00a0<strong>Decreto de Necesidad y Urgencia 70\/23<\/strong>\u00a0que dio lugar a la desregulaci\u00f3n de la medicina privada.<\/p>\n\n\n\n<h2 class=\"wp-block-heading\">Acusan a las prepagas de cartelizaci\u00f3n<\/h2>\n\n\n\n<p>Esta reducci\u00f3n en las cuotas se da luego de que la&nbsp;<strong>Comisi\u00f3n Nacional de Defensa de la Competencia (CNDC)&nbsp;<\/strong>determin\u00f3 que existen indicios m\u00faltiples de un&nbsp;<strong>acuerdo colusivo<\/strong>&nbsp;para subir las cuotas entre las principales empresas de medicina prepaga del pa\u00eds.<\/p>\n\n\n\n<p>Este dictamen aconsej\u00f3 al Secretario de Industria y Comercio del Ministerio de Econom\u00eda la adopci\u00f3n de una<strong>&nbsp;medida de tutela anticipada<\/strong>&nbsp;en los t\u00e9rminos del art\u00edculo 44 de la Ley 27.442 de Defensa de la Competencia (LDC), para que un conjunto de empresas de medicina prepaga, la confederaci\u00f3n que las agrupa y la persona humana que la presid\u00eda, cumplan con los requerimientos que se detallan a continuaci\u00f3n:<\/p>\n\n\n\n<p>En primer lugar, se dispuso que los<strong>&nbsp;valores de las cuotas de los planes de salud m\u00e9dico-asistenciales a ser cobradas deber\u00e1n ajustarse de acuerdo al<\/strong>&nbsp;<strong>\u00cdndice de Precios al Consumidor<\/strong>&nbsp;elaborado por el INDEC, y&nbsp;<strong>no de acuerdo al libre criterio<\/strong>&nbsp;de cada empresa.<\/p>\n\n\n\n<p>La medida aclara que, en el caso de los clientes dados de alta luego de diciembre de 2023, el ajuste debe realizarse teniendo como base un plan similar al contratado.<\/p>\n\n\n\n<p>Por esta raz\u00f3n, OSDE comunic\u00f3 de manera no oficial que&nbsp;<strong>la facturaci\u00f3n se har\u00e1 conforme a esta medida que solicit\u00f3 el Ejecutivo.<\/strong><\/p>\n\n\n\n<p>En este grupo quedaron afectadas Galeno Argentina S.A., Hospital Brit\u00e1nico de Buenos Aires Asociaci\u00f3n Civil, Hospital Alem\u00e1n Asociaci\u00f3n Civil, Medif\u00e9 Asociaci\u00f3n Civil, Swiss Medical S.A., Omint S.A. de Servicios, Uni\u00f3n Argentina de Salud (UAS); y Claudio Fernando Belocopitt, en su car\u00e1cter de actual presidente de la firma Swiss Medical S.A. y del entonces presidente de la UAS. La semana pasada Belocopitt renunci\u00f3 como presidente de la entidad.<\/p>\n\n\n\n<p>Mientras tanto, estas gerenciadoras o financiadoras del sistema privado de salud enfrentan una denuncia interpuesta por la&nbsp;<strong>Superintendencia de Servicios de Salud (SSS)&nbsp;<\/strong>con la cual el gobierno del presidente Javier Milei busca frenar los&nbsp;<strong>aumentos a los que calificaron de &#8220;abusivos&#8221; en los planes de medicina<\/strong>.<\/p>\n\n\n\n<p>&#8220;Nos vamos a apegar a la Ley&#8221;, indicaron fuentes de la compa\u00f1\u00eda OSDE y advirtieron que no hay un fallo de fondo frente a la denuncia de la SSS en el amparo planteado, c\u00f3mo&nbsp;<strong>tampoco est\u00e1 definido qu\u00e9 pasar\u00e1 con los pagos realizados antes de abril y si habr\u00e1 una devoluci\u00f3n del dinero<\/strong>.<\/p>\n\n\n\n<h2 class=\"wp-block-heading\"><strong>El panorama de los amparos en Mendoza por las subas en las prepagas<\/strong><\/h2>\n\n\n\n<p>Seg\u00fan datos de la Justicia Federal de Mendoza hay una estimaci\u00f3n de 200 amparos presentados, de los cuales&nbsp;<strong>en su mayor\u00eda lograron el aval con medidas cautelares<\/strong>&nbsp;para congelar las subas de prepagas y obras sociales desde diciembre a la actualidad.<\/p>\n\n\n\n<p>El abogado especializado en Salud\u00a0<strong>Marcos Gonz\u00e1lez Landa<\/strong>\u00a0dijo que hasta el momento &#8220;la \u00fanica forma de suspender los aumentos es v\u00eda amparos y, en Mendoza, las presentaciones que hemos realizado todas cuentan con el visto bueno del juez y se han logrado suspender los incrementos. Hoy no hay claridad de c\u00f3mo se van a manejar las obras sociales y prepagas&#8221;.<\/p>\n\n\n\n<p>Y enfatiz\u00f3: &#8220;Lo que s\u00ed podemos decir que esta disposici\u00f3n de la Comisi\u00f3n Nacional de Defensa de la Competencia viene a ratificar&nbsp;<strong>que los incrementos son ilegales&#8221;.<\/strong><\/p>\n\n\n\n<p>Seg\u00fan Gonz\u00e1lez Landa, que patrocina numerosas causas en conjunto con el abogado&nbsp;<strong>Jorge Caloiro<\/strong>, este dictamen &#8220;abre la puerta para el&nbsp;<strong>reconocimiento de futuras presentaciones, no ya s\u00f3lo para personas de la tercera edad, sino para todo el arco de afiliados<\/strong>&#8220;.<\/p>\n\n\n\n<p>En Mendoza, estos reclamos se cursan en el\u00a0<strong>Juzgado Federal N\u00b0 2<\/strong>, a cargo del magistrado\u00a0<strong>Pablo Quir\u00f3s<\/strong>, quien dispuso en sus resoluciones suspender las subas y a la par que se haga la devoluci\u00f3n de sumas facturadas con incrementos mes a mes.<\/p>\n\n\n\n<h2 class=\"wp-block-heading\">Casos testigos<\/h2>\n\n\n\n<p>Un caso testigo fue el de una afiliada de OMINT, de 77 a\u00f1os (planteado por Gonz\u00e1lez Landa) cuya facturaci\u00f3n en diciembre del 2023 fue de $135.000 y termin\u00f3 en marzo con una cuota de $299.000,&nbsp;<strong>casi el 300 % de sus ingresos como jubilada<\/strong>.<\/p>\n\n\n\n<p>Como en otros fallos similares se requiri\u00f3 a la prepaga suspender los aumentos y mantener la cobertura vigente, hasta que se resuelva la inconstitucionalidad de la medida.<\/p>\n\n\n\n<p><em>&#8220;Corresponde tambi\u00e9n, como fue solicitado, ordenar a OMINT que<strong>&nbsp;se abstenga de efectuar&nbsp;<\/strong><\/em><em><strong>restricciones sobre la cobertura de salud<\/strong>&nbsp;que presta a la actora, manteni\u00e9ndola vigente, hasta tanto&nbsp;<\/em><em>cumpla con la cautelar aqu\u00ed dispuesta y<strong>&nbsp;comunique fehacientemente a la afiliada el valor de la cuota&nbsp;<\/strong><\/em><em><strong>para que realice los pagos correspondientes<\/strong>.&nbsp;<\/em><em>Es que lo contrario importar\u00eda alterar la situaci\u00f3n actual que se pretende tutelar para este&nbsp;<\/em><em>sector de afiliados en especial situaci\u00f3n de vulnerabilidad.&nbsp;<\/em><em>Dicho en otras palabras, la prepaga<strong>&nbsp;debe continuar brindando el servicio de salud<\/strong>&nbsp;acorde al&nbsp;<\/em><em>plan contratado, tal como la ven\u00eda&nbsp;<strong>haciendo antes de la entrada en vigencia del DNU 70\/2023&nbsp;<\/strong>sin&nbsp;<\/em><em>ning\u00fan tipo de restricci\u00f3n o suspensi\u00f3n motivada en la falta de pago de las cuotas a partir del mes&nbsp;<\/em><em>de enero del a\u00f1o 2024&#8243;,<\/em>&nbsp;reza la resoluci\u00f3n.<\/p>\n\n\n\n<p>Otra de las situaciones que se dan en Mendoza, como en el resto del pa\u00eds es&nbsp;<strong>la renuncia a la prepaga luego de las subas en la facturaci\u00f3n, como es el caso de Jorge (75)&nbsp;<\/strong>que teniendo la cobertura del Instituto Nacional de Servicios Sociales para Jubilados y Pensionados (PAMI) se qued\u00f3 con la obra social que le corresponde por defecto. Aunque hay casos de&nbsp;<strong>mendocinos que directamente prescindieron de una cobertura m\u00e9dica privada por la crisis econ\u00f3mica<\/strong>.<\/p>\n\n\n\n<p>&#8220;Lo que les puedo decir a los afiliados de prepagas es\u00a0<strong>que no se cambien de prestadora<\/strong>. Menos para los pacientes que ya tienen enfermedades y que lamentablemente va a ser muy dif\u00edcil que los reciban en una nueva.<strong>\u00a0Hoy el camino es el amparo y las soluciones son individuales<\/strong>&#8220;, recalc\u00f3 el especialista.<\/p>\n\n\n\n<p><strong>Fuente: www.diariouno.com.ar<\/strong><\/p>\n","protected":false},"excerpt":{"rendered":"<p>La\u00a0Organizaci\u00f3n de Servicios Directos Empresarios (OSDE), una de las obras sociales m\u00e1s importantes en Mendoza y en el pa\u00eds, hizo saber que en la facturaci\u00f3n de abril, que llegar\u00e1 en los pr\u00f3ximos d\u00edas,\u00a0reducir\u00e1 la cuota en un 22% con respecto a marzo y 65.000 afilados en la provincia se ver\u00e1n alcanzados\u00a0por este ajuste. As\u00ed lo [&hellip;]<\/p>\n","protected":false},"author":2,"featured_media":7118,"comment_status":"open","ping_status":"open","sticky":false,"template":"","format":"standard","meta":[],"categories":[58],"tags":[],"_links":{"self":[{"href":"https:\/\/pasaenmendoza.com\/index.php?rest_route=\/wp\/v2\/posts\/7117"}],"collection":[{"href":"https:\/\/pasaenmendoza.com\/index.php?rest_route=\/wp\/v2\/posts"}],"about":[{"href":"https:\/\/pasaenmendoza.com\/index.php?rest_route=\/wp\/v2\/types\/post"}],"author":[{"embeddable":true,"href":"https:\/\/pasaenmendoza.com\/index.php?rest_route=\/wp\/v2\/users\/2"}],"replies":[{"embeddable":true,"href":"https:\/\/pasaenmendoza.com\/index.php?rest_route=%2Fwp%2Fv2%2Fcomments&post=7117"}],"version-history":[{"count":1,"href":"https:\/\/pasaenmendoza.com\/index.php?rest_route=\/wp\/v2\/posts\/7117\/revisions"}],"predecessor-version":[{"id":7119,"href":"https:\/\/pasaenmendoza.com\/index.php?rest_route=\/wp\/v2\/posts\/7117\/revisions\/7119"}],"wp:featuredmedia":[{"embeddable":true,"href":"https:\/\/pasaenmendoza.com\/index.php?rest_route=\/wp\/v2\/media\/7118"}],"wp:attachment":[{"href":"https:\/\/pasaenmendoza.com\/index.php?rest_route=%2Fwp%2Fv2%2Fmedia&parent=7117"}],"wp:term":[{"taxonomy":"category","embeddable":true,"href":"https:\/\/pasaenmendoza.com\/index.php?rest_route=%2Fwp%2Fv2%2Fcategories&post=7117"},{"taxonomy":"post_tag","embeddable":true,"href":"https:\/\/pasaenmendoza.com\/index.php?rest_route=%2Fwp%2Fv2%2Ftags&post=7117"}],"curies":[{"name":"wp","href":"https:\/\/api.w.org\/{rel}","templated":true}]}}