{"id":7120,"date":"2024-04-26T22:46:09","date_gmt":"2024-04-26T20:46:09","guid":{"rendered":"https:\/\/pasaenmendoza.com\/?p=7120"},"modified":"2024-04-26T22:46:10","modified_gmt":"2024-04-26T20:46:10","slug":"reactivacion-turistica-el-regreso-de-un-vuelo-entre-buenos-aires-y-el-sur-mendocino","status":"publish","type":"post","link":"https:\/\/pasaenmendoza.com\/?p=7120","title":{"rendered":"Reactivaci\u00f3n tur\u00edstica: el regreso de un vuelo entre Buenos Aires y el sur mendocino"},"content":{"rendered":"\n<p>A dos meses del inicio de las&nbsp;<strong>vacaciones de invierno<\/strong>, el Gobierno de Mendoza pondera el sur provincial con el&nbsp;<mark>retorno de siete vuelos semanales desde Buenos Aires a San Rafael.<\/mark><\/p>\n\n\n\n<p>La noticia fue anunciada por la titular del Ente Mendoza Turismo (Emetur),&nbsp;<strong>Gabriela Testa<\/strong>, que en su cuenta X escribi\u00f3:&nbsp;<em>\u201cEstuve reunida con el gerente general de Aerol\u00edneas Argentinas, Fabi\u00e1n Lombardo, quien confirm\u00f3 el regreso de 7 vuelos semanales desde Buenos Aires a San Rafael a partir del mes de julio\u201d.<\/em><\/p>\n\n\n\n<p>De este modo, la funcionaria destac\u00f3 que el Gobierno de Mendoza sigue trabajando para seguir recibiendo turistas de todas partes del pa\u00eds y del mundo.<\/p>\n\n\n\n<p>Asimismo, Testa recalc\u00f3 que \u201cla directora de Desarrollo Tur\u00edstico e Innovaci\u00f3n, Cristina Mengarelli, estuvo reunida con Gabriela Goncalves, gerente regional de Aerol\u00edneas Argentinas para seguir impulsando esta conectividad a\u00e9rea entre distintos puntos claves para el turismo en Mendoza\u201d.<\/p>\n\n\n\n<figure class=\"wp-block-image\"><img decoding=\"async\" src=\"https:\/\/i0.wp.com\/newspack-elsol.s3.amazonaws.com\/wp-content\/uploads\/2024\/04\/aeropuerto-san-rafael-3.jpg?resize=780%2C473&amp;ssl=1\" alt=\"\" class=\"wp-image-1952028\"\/><\/figure>\n\n\n\n<p>Cabe aclarar que el anuncio llega dos semanas despu\u00e9s de que el organismo conducido por Testa haya reclamado a Naci\u00f3n el avance de las obras en el aeropuerto Santiago German\u00f3 de San Rafael.<\/p>\n\n\n\n<p><strong>Fuente: www.elsol.com.ar<\/strong><\/p>\n","protected":false},"excerpt":{"rendered":"<p>A dos meses del inicio de las&nbsp;vacaciones de invierno, el Gobierno de Mendoza pondera el sur provincial con el&nbsp;retorno de siete vuelos semanales desde Buenos Aires a San Rafael. La noticia fue anunciada por la titular del Ente Mendoza Turismo (Emetur),&nbsp;Gabriela Testa, que en su cuenta X escribi\u00f3:&nbsp;\u201cEstuve reunida con el gerente general de Aerol\u00edneas [&hellip;]<\/p>\n","protected":false},"author":2,"featured_media":7121,"comment_status":"open","ping_status":"open","sticky":false,"template":"","format":"standard","meta":[],"categories":[64],"tags":[],"_links":{"self":[{"href":"https:\/\/pasaenmendoza.com\/index.php?rest_route=\/wp\/v2\/posts\/7120"}],"collection":[{"href":"https:\/\/pasaenmendoza.com\/index.php?rest_route=\/wp\/v2\/posts"}],"about":[{"href":"https:\/\/pasaenmendoza.com\/index.php?rest_route=\/wp\/v2\/types\/post"}],"author":[{"embeddable":true,"href":"https:\/\/pasaenmendoza.com\/index.php?rest_route=\/wp\/v2\/users\/2"}],"replies":[{"embeddable":true,"href":"https:\/\/pasaenmendoza.com\/index.php?rest_route=%2Fwp%2Fv2%2Fcomments&post=7120"}],"version-history":[{"count":1,"href":"https:\/\/pasaenmendoza.com\/index.php?rest_route=\/wp\/v2\/posts\/7120\/revisions"}],"predecessor-version":[{"id":7122,"href":"https:\/\/pasaenmendoza.com\/index.php?rest_route=\/wp\/v2\/posts\/7120\/revisions\/7122"}],"wp:featuredmedia":[{"embeddable":true,"href":"https:\/\/pasaenmendoza.com\/index.php?rest_route=\/wp\/v2\/media\/7121"}],"wp:attachment":[{"href":"https:\/\/pasaenmendoza.com\/index.php?rest_route=%2Fwp%2Fv2%2Fmedia&parent=7120"}],"wp:term":[{"taxonomy":"category","embeddable":true,"href":"https:\/\/pasaenmendoza.com\/index.php?rest_route=%2Fwp%2Fv2%2Fcategories&post=7120"},{"taxonomy":"post_tag","embeddable":true,"href":"https:\/\/pasaenmendoza.com\/index.php?rest_route=%2Fwp%2Fv2%2Ftags&post=7120"}],"curies":[{"name":"wp","href":"https:\/\/api.w.org\/{rel}","templated":true}]}}