{"id":7128,"date":"2024-04-29T14:19:57","date_gmt":"2024-04-29T12:19:57","guid":{"rendered":"https:\/\/pasaenmendoza.com\/?p=7128"},"modified":"2024-04-29T14:19:59","modified_gmt":"2024-04-29T12:19:59","slug":"cornejo-y-la-incomodidad-politica-que-ya-le-estan-generando-algunas-decisiones","status":"publish","type":"post","link":"https:\/\/pasaenmendoza.com\/?p=7128","title":{"rendered":"Cornejo y la incomodidad pol\u00edtica que ya le est\u00e1n generando algunas decisiones"},"content":{"rendered":"\n<p>\u201cA las gestiones provinciales se las morfa la personalidad del gobernador; el contexto macroecon\u00f3mico o las dos&#8221;, suele decir el gobernador. La marcha universitaria, lo puso frente a esas palabras.<\/p>\n\n\n\n<p>Casi como un reflejo de lo que hasta aqu\u00ed viene generando su gobierno, las expectativas del pr\u00f3ximo mensaje del gobernador ante la\u00a0Asamblea Legislativa de pasado ma\u00f1ana\u00a0asoman como m\u00e1s que moderadas.<\/p>\n\n\n\n<p>Puede existir un argumento v\u00e1lido para explicar por qu\u00e9, muy posiblemente, no asistamos este&nbsp;<strong>1 de Mayo<\/strong>&nbsp;a un mensaje para guardar de<strong>&nbsp;Alfredo Cornejo<\/strong>&nbsp;en lo que ser\u00e1 su vuelta a uno de los \u00e1mbitos m\u00e1s tradicionales de la institucionalidad mendocina. Como le ocurri\u00f3 a pr\u00e1cticamente todos sus antecesores en la provincia desde el regreso de la Democracia hasta ac\u00e1, el contexto nacional juega un rol decisivo. O como analizaba con honestidad brutal el propio&nbsp;<strong>Cornejo&nbsp;<\/strong>hace no mucho tiempo. \u201cA los balances de las gestiones provinciales o se las morfa la personalidad del gobernador; o el contexto macroecon\u00f3mico nacional o una mezcla de los dos\u201d, era lo que reflexionaba amargamente antes de diciembre, a poco de volver a sentarse en el sill\u00f3n de San Mart\u00edn. Y, a decir verdad, claramente el mandatario se encuentra hoy atrapado dentro de esas palabras.<\/p>\n\n\n\n<p>La situaci\u00f3n econ\u00f3mica del pa\u00eds le est\u00e1 marcando el ritmo a la gesti\u00f3n provincial. Como ya se ha dicho: en medio de la crisis,&nbsp;<strong>Cornejo&nbsp;<\/strong>est\u00e1 intentando tener un gobierno que viene siendo sacudido por los recortes de fondos nacionales, por la ca\u00edda de la recaudaci\u00f3n impositiva y por una merma en la actividad econ\u00f3mica que est\u00e1 afectando profundamente al comercio y que asimismo est\u00e1 dejando extenuada a la clase media que, en buena media, conforma la base electoral del radicalismo mendocino.<\/p>\n\n\n\n<p>En medio del temporal, ah\u00ed va el barquito que en la actualidad constituye Cambia Mendoza tratando de no hundirse y llegar a ese destino poco ambicioso que esta administraci\u00f3n se puso en el horizonte desde que reasumi\u00f3: lejos de las grandes transformaciones, el derrotero es llegar a mejorar en lo que se pueda el funcionamiento de los servicios del Estado y propiciar tambi\u00e9n un escenario para la llegada de inversiones que permitan diversificar la econom\u00eda a largo plazo.<\/p>\n\n\n\n<p>Sin embargo, apelando a lo que seg\u00fan&nbsp;<strong>Cornejo&nbsp;<\/strong>tambi\u00e9n se \u201cmorfa\u201d a las gestiones provinciales, no todo lo que est\u00e1 sucediendo en la provincia es consecuencia exclusiva de las pol\u00edticas de Javier Milei. El gobernador apost\u00f3 por un alineamiento pol\u00edtico con la Casa Rosada (poco correspondido en lo hechos) que en los pr\u00f3ximos d\u00edas tendr\u00e1 su primera prueba de fuego m\u00e1s importante pero que ya tiene un condicionante fuerte. Por decisi\u00f3n propia buena parte del \u00e9xito de su gesti\u00f3n,&nbsp;<strong>Cornejo&nbsp;<\/strong>la at\u00f3 al \u00e9xito de Milei.<\/p>\n\n\n\n<p>El mendocino fue uno de los gobernadores que m\u00e1s trabaj\u00f3 en la interna del radicalismo para que el gobierno nacional pudiera sacar de la C\u00e1mara de Diputados su Ley Bases, que ser\u00e1 debatida este lunes en el recinto y con final abierto. El proyecto obtendr\u00e1 seguramente la cantidad de votos necesarios para ser aprobado en general, pero el debate en particular genera mucha incertidumbre dentro de La Libertad Avanza y sus aliados. Un escenario similar al que se observ\u00f3 en febrero, cuando esta misma iniciativa, aunque much\u00edsimo m\u00e1s amplia en su articulado, naufrag\u00f3. El punto de discordia podr\u00eda estar ahora en la votaci\u00f3n del art\u00edculo 3 de la norma, que le impedir\u00eda al gobierno nacional disponer de organismos como el Conicet o el INCAA, entre otros intentos para modificar o reorganizar estructuras de organismos gubernamentales.<\/p>\n\n\n\n<p><strong>Cornejo&nbsp;<\/strong>se juega mucho desde este lunes en el Congreso, en un debate que, en la previa, ya lo viene dejando frente a algunas situaciones pol\u00edticas inc\u00f3modas tanto a \u00e9l como a los radicales que est\u00e1n dispuestos a levantar la mano. Algunas de ellas forman parte de la discusi\u00f3n legislativa en s\u00ed que todav\u00eda se est\u00e1 intentado modificar. Lisandro Nieri, el diputado mendocino espada de Cornejo dentro del bloque de la UCR, va a insistir que se incluya el impuesto al tabaco que fue retirado del proyecto por un fuerte lobby empresarial y se plante\u00f3 una objeci\u00f3n muy fuerte por el R\u00e9gimen de Incentivos a las Grandes Inversiones. Aqu\u00ed, el reclamo mendocino apunta a modificar que el piso de inversiones a promover sea de U$S 200 millones porque, debido a lo alto de ese monto, las econom\u00edas regionales se quedar\u00edan afuera de ese beneficio.<\/p>\n\n\n\n<p>Sin embargo, esta discusi\u00f3n es menor comparada con el desaire de los libertarios hacia los radicales que, en este caso s\u00ed, los dej\u00f3 en una situaci\u00f3n de incomodidad que roz\u00f3 el destrato. El bloque de la UCR le puso la cara a una reforma laboral que despu\u00e9s termin\u00f3 mutilada (sobre todo en lo que se refer\u00eda a la quieta del manejo de la fondos de las obras sociales por parte de los sindicatos) porque el propio gobierno termin\u00f3 acordando con Miguel \u00c1ngel Pichetto un texto que dejaba a salvo la capacidad de representaci\u00f3n y el manejo de los recursos por parte de los gremios.<\/p>\n\n\n\n<p>A esta altura todos tienen un claro que el gobernador mendocino decidi\u00f3 jugar el juego de los aliados con el presidente porque,a pesar de que en lo profundo observa a los libertarios como improvisados y fan\u00e1ticos, se encandil\u00f3, entre otras cosas, con aquellas primeras propuestas de Milei que anticiparon el d\u00e9ficit cero y la promesa de que la Libertad Avanza se convertir\u00eda en el sepulturero pol\u00edtico del kirchnerismo en la Argentina. Ese respaldo tuvo otros sustentos, tambi\u00e9n. Uno fue el temor por la caja producto de la motosierra que el presidente pas\u00f3 por las provincias y el otro fue la imposibilidad de convertirse en opositor en una provincia en donde Milei gan\u00f3 en su momento por m\u00e1s del setenta por ciento. Y un lugar como Mendoza, adem\u00e1s, en donde el presidente todav\u00eda mantiene niveles de aprobaci\u00f3n m\u00e1s que aceptables para el tama\u00f1o del ajuste que est\u00e1 aplicando.<\/p>\n\n\n\n<p>Pero&nbsp;<strong>Cornejo&nbsp;<\/strong>ya sabe que ese respaldo bien podr\u00eda comenzar a crujir en unos meses nada m\u00e1s si la econom\u00eda no rebota. Y la semana pasada se not\u00f3 el primer s\u00edntoma de ese crujimiento. La multitudinaria marcha de los estudiantes universitarios mendocinos no hizo m\u00e1s que dejar al gobernador en otra situaci\u00f3n inc\u00f3moda desde lo pol\u00edtico y, en un hecho incre\u00edble para su historia personal, lo que se vio fue un gobernador&nbsp;totalmente apartado de los reclamos.<\/p>\n\n\n\n<p>La Universidad Nacional de Cuyo es la casa del gobernador, all\u00ed se forj\u00f3 en la pol\u00edtica a trav\u00e9s de sus primeros escarceos en la Franja Morada y en esa casa de estudios logr\u00f3 recibirse de licenciado en Ciencias Pol\u00edticas y Administraci\u00f3n P\u00fablica en los a\u00f1os 90. La marcha del martes \u00faltimo no mereci\u00f3, por parte del mandatario, ni un solo tuit. Solo reaccion\u00f3 un par de d\u00edas despu\u00e9s para sacarse una foto en su despacho con la rectora Esther S\u00e1nchez y anunciar el respaldo para avanzar en un coworking de bionanotecnolog\u00eda. No se anim\u00f3 a aparecer p\u00fablicamente para mostrar su preocupaci\u00f3n por el recorte presupuestario en las universidades. Solo un tibio apoyo a S\u00e1nchez en su pelea, luego de que, como en la Casa Rosada, cayeran en la cuenta de que esa manifestaci\u00f3n transversal en lo pol\u00edtico, en lo social y en lo etario que sac\u00f3 a m\u00e1s de 40.000 personas a las calles de la ciudad, merec\u00eda por parte del primer mandatario una reacci\u00f3n distinta.<\/p>\n\n\n\n<p>Quiz\u00e1s haya una actitud vergonzante en el fondo. Un costado de los planteos libertarios a lo que ocurre en las universidades nacionales los toca de cerca a los radicales de Mendoza. En cuanto al reclamo de que la UNCuyo se abra a una auditor\u00eda no hay demasiados problemas. Ahora bien:\u00a0<strong>Cornejo\u00a0<\/strong>intervino activamente en el proceso eleccionario de 2022 e incluso fue decisivo en el armado de la f\u00f3rmula que hoy ejerce la conducci\u00f3n. La Universidad es en la actualidad un coto pol\u00edtico de Andr\u00e9s\u00a0\u201cPeti\u201d Lombardi, el presidente de la C\u00e1mara de Diputados y uno de los principales punteros del gobernador. \u00bfEst\u00e1 metida la pol\u00edtica y la voracidad por quedarse con alguna caja en la UNCuyo? Para muestra, basta una foto.<\/p>\n\n\n\n<p>En esa d\u00e9bil imagen que mostr\u00f3 de apoyo al reclamo,\u00a0<strong>Cornejo\u00a0<\/strong>recibi\u00f3 en su despacho no solo la rectora, sino que tambi\u00e9n estaba Mar\u00eda Teresa Damiani como secretaria de Investigaciones Internacionales y el secretario de Bienestar Universitario Juan Pablo Cebrelli Riveros. Cebrelli es un dirigente del radicalismo cercano a Lombardi que maneja la caja de las becas y el comedor universitario. Am\u00e9n de que no logra recibirse todav\u00eda de abogado, fue titular de la mesa mesa nacional de Franja Morada y, hasta ocupar un lugar en el organigrama universitario, fue integrante del equipo de asesores del propio Cornejo en el Senado de la Naci\u00f3n. M\u00e1s casta, probablemente no se consiga.<\/p>\n\n\n\n<p>FUENTE: MDZonline.<\/p>\n","protected":false},"excerpt":{"rendered":"<p>\u201cA las gestiones provinciales se las morfa la personalidad del gobernador; el contexto macroecon\u00f3mico o las dos&#8221;, suele decir el gobernador. La marcha universitaria, lo puso frente a esas palabras. Casi como un reflejo de lo que hasta aqu\u00ed viene generando su gobierno, las expectativas del pr\u00f3ximo mensaje del gobernador ante la\u00a0Asamblea Legislativa de pasado [&hellip;]<\/p>\n","protected":false},"author":2,"featured_media":7129,"comment_status":"open","ping_status":"open","sticky":true,"template":"","format":"standard","meta":[],"categories":[47],"tags":[],"_links":{"self":[{"href":"https:\/\/pasaenmendoza.com\/index.php?rest_route=\/wp\/v2\/posts\/7128"}],"collection":[{"href":"https:\/\/pasaenmendoza.com\/index.php?rest_route=\/wp\/v2\/posts"}],"about":[{"href":"https:\/\/pasaenmendoza.com\/index.php?rest_route=\/wp\/v2\/types\/post"}],"author":[{"embeddable":true,"href":"https:\/\/pasaenmendoza.com\/index.php?rest_route=\/wp\/v2\/users\/2"}],"replies":[{"embeddable":true,"href":"https:\/\/pasaenmendoza.com\/index.php?rest_route=%2Fwp%2Fv2%2Fcomments&post=7128"}],"version-history":[{"count":1,"href":"https:\/\/pasaenmendoza.com\/index.php?rest_route=\/wp\/v2\/posts\/7128\/revisions"}],"predecessor-version":[{"id":7130,"href":"https:\/\/pasaenmendoza.com\/index.php?rest_route=\/wp\/v2\/posts\/7128\/revisions\/7130"}],"wp:featuredmedia":[{"embeddable":true,"href":"https:\/\/pasaenmendoza.com\/index.php?rest_route=\/wp\/v2\/media\/7129"}],"wp:attachment":[{"href":"https:\/\/pasaenmendoza.com\/index.php?rest_route=%2Fwp%2Fv2%2Fmedia&parent=7128"}],"wp:term":[{"taxonomy":"category","embeddable":true,"href":"https:\/\/pasaenmendoza.com\/index.php?rest_route=%2Fwp%2Fv2%2Fcategories&post=7128"},{"taxonomy":"post_tag","embeddable":true,"href":"https:\/\/pasaenmendoza.com\/index.php?rest_route=%2Fwp%2Fv2%2Ftags&post=7128"}],"curies":[{"name":"wp","href":"https:\/\/api.w.org\/{rel}","templated":true}]}}