{"id":7131,"date":"2024-04-29T14:24:21","date_gmt":"2024-04-29T12:24:21","guid":{"rendered":"https:\/\/pasaenmendoza.com\/?p=7131"},"modified":"2024-04-29T14:24:23","modified_gmt":"2024-04-29T12:24:23","slug":"estos-seran-los-ejes-del-discurso-de-alfredo-cornejo-en-la-asamblea-legislativa","status":"publish","type":"post","link":"https:\/\/pasaenmendoza.com\/?p=7131","title":{"rendered":"Estos ser\u00e1n los ejes del discurso de Alfredo Cornejo en la Asamblea Legislativa"},"content":{"rendered":"\n<p>El mandatario provincial realizar\u00e1 un balance de sus cinco meses de gesti\u00f3n y de lo que ser\u00e1 su mandato de cara a este 2024. Los puntos en el que har\u00e1 \u00e9nfasis ser\u00e1 Producci\u00f3n, Educaci\u00f3n y Seguridad.<\/p>\n\n\n\n<p>Como cada 1 de mayo, la Legislatura ser\u00e1 el punto de encuentro del mundo de la pol\u00edtica en&nbsp;<strong>Mendoza<\/strong>, ya que se realizar\u00e1 la&nbsp;<strong>Asamblea General de Apertura de Sesiones Ordinarias<\/strong>, correspondiente al 184 Periodo Legislativo Anual. Para este evento, el gobernador&nbsp;<strong>Alfredo Cornejo<\/strong>&nbsp;dar\u00e1 su tradicional discurso en el que hablar\u00e1 de diferentes temas de agenda como de la realidad que atraviesa la Provincia.&nbsp;<\/p>\n\n\n\n<p>Este discurso ser\u00e1 el primero de Cornejo desde que asumi\u00f3 por segunda vez como mandatario provincial. Har\u00e1 un balance de sus primeros cinco meses de gesti\u00f3n y de que lo viene haciendo&nbsp;<strong>Cambia Mendoza<\/strong>&nbsp;desde que asumi\u00f3 el poder de la Provincia en 2015.&nbsp;<\/p>\n\n\n\n<p>En el medio, el gobernador asegurar\u00e1 que su segundo periodo va a ser una continuidad de la gesti\u00f3n de&nbsp;<strong>Rodolfo Su\u00e1rez<\/strong>, remarcar\u00e1 los logros conseguidos por su antecesor, como tambi\u00e9n har\u00e1 una autocr\u00edtica de \u201ca<em>quellas cosas que no salieron como esperaban<\/em>\u201d. Adem\u00e1s, dar\u00e1 a conocer lo que tiene en mente hacer para este a\u00f1o de mandato.&nbsp;<\/p>\n\n\n\n<p>Un foco clave del discurso ser\u00e1 sobre las reformas que se est\u00e1n llevando adelante en la Legislatura, como tambi\u00e9n en aquellas que todav\u00eda no se est\u00e1n debatiendo en la Casa de Leyes. Hasta el momento, los ministros&nbsp;<strong>Rodolfo Montero<\/strong>&nbsp;(Salud y Deportes),&nbsp;<strong>Jimena Latorre<\/strong>&nbsp;(Ambiente y Energ\u00eda),&nbsp;<strong>V\u00edctor Fayad<\/strong>&nbsp;(Hacienda) y&nbsp;<strong>Tadeo Garc\u00eda Zalazar&nbsp;<\/strong>(Educaci\u00f3n, Cultura, Infancias y DGE) han presentado una serie de proyectos con los que buscan modernizar las \u00e1reas que les toc\u00f3 gestionar.&nbsp;<\/p>\n\n\n\n<p>En total, el Ejecutivo\u00a0ha enviado cerca de 30 proyectos a la Legislatura. Un pr\u00f3ximo paquete de proyectos que estar\u00e1 al caer en la Casa de Leyes ser\u00e1 el que presente la ministra de Seguridad y Justicia,\u00a0<strong>Mercedes Rus<\/strong>.<\/p>\n\n\n\n<p>Ya de lleno en su mensaje, Cornejo har\u00e1 menci\u00f3n de la situaci\u00f3n macroecon\u00f3mica que vive la Argentina, en el que garantizar\u00e1 nuevamente su apoyo a la presidencia de&nbsp;<strong>Javier Milei<\/strong>, pero remarcar\u00e1 sus diferencias. En ese sentido, se mostrar\u00e1 sincero con la crisis que est\u00e1 atravesando la Provincia en materia de recaudaci\u00f3n.&nbsp;<\/p>\n\n\n\n<h2 class=\"wp-block-heading\" id=\"h-produccion-seguridad-y-educacion\">Producci\u00f3n, Seguridad y Educaci\u00f3n<\/h2>\n\n\n\n<p>\u201c<em>Ser\u00e1 como una nueva versi\u00f3n de la revoluci\u00f3n de lo sencillo<\/em>\u201d, manifestaron desde el entorno del gobernador cuando empiece a destacar lo conseguido en cada ministerio. En materia de&nbsp;<strong>Producci\u00f3n<\/strong>, dar\u00e1 un resumen de sus viajes al exterior para atraer inversores, principalmente, en el sector minero.&nbsp;<\/p>\n\n\n\n<p>En estos cinco meses, realiz\u00f3 tres viajes al exterior. Primero fue a Espa\u00f1a junto a la titular del Emetur,\u00a0<strong>Gabriela Testa<\/strong>, para participar de la\u00a0Feria Internacional del Turismo 2024.\u00a0<\/p>\n\n\n\n<p>Luego, viaj\u00f3 a Canad\u00e1 acompa\u00f1ado por Latorre para estar en la\u00a0Feria Prospectors &amp; Developers Association, la cumbre minera m\u00e1s importante del mundo. Por \u00faltimo, cruz\u00f3 la cordillera para presenciar\u00a0Cesco Week, un encuentro organizado por el Centro de Estudios del Cobre y la Miner\u00eda. Tambi\u00e9n su compa\u00f1era de f\u00f3rmula,\u00a0<strong>Hebe Casado<\/strong>, se desplaz\u00f3 hasta Australia para participar en la\u00a0<strong>Battery Minerals Conference.<\/strong><\/p>\n\n\n\n<p>El \u00e9nfasis lo har\u00e1 en materia de\u00a0<strong>Seguridad<\/strong>, donde pondr\u00e1 en valor los operativos realizados en diferentes puntos de la provincia. Tambi\u00e9n reconocer\u00e1 el trabajo en conjunto que\u00a0se viene realizando con las provincias de San Juan y San Luis.<\/p>\n\n\n\n<p>Respecto al paquete de leyes que enviar\u00e1 Rus a la Legislatura, Cornejo pedir\u00e1 el acompa\u00f1amiento de la oposici\u00f3n para avanzar en las reformas de Seguridad que necesita la Provincia en cuanto al mejoramiento de los servicios y del cuidado de los mendocinos.<\/p>\n\n\n\n<p>Un factor clave para el segundo mandato de Cornejo ser\u00e1 la&nbsp;<strong>educaci\u00f3n<\/strong>. El gobernador es consciente que este 2024 ser\u00e1 un a\u00f1o \u201c<em>dif\u00edcil<\/em>\u201d por la quita de fondos nacionales que sufri\u00f3 el sector.<\/p>\n\n\n\n<p>El mandatario pondr\u00e1 sobre la mesa la cantidad de d\u00edas de clases que se dictan en la provincia y los niveles de alfabetizaci\u00f3n que ha conseguido Mendoza gracias a los programas que se viene realizando en el \u00faltimo tiempo.<\/p>\n\n\n\n<p>Por \u00faltimo, dar\u00e1 un informe sobre las entregas de casas y mejoramientos que viene realizando con el&nbsp;<strong>Instituto Provincial de la Vivienda<\/strong>. En lo que va del 2024 se han reportado cerca de 300 presentaciones habitacionales.<\/p>\n\n\n\n<p>En la misma l\u00ednea, Cornejo le dedicar\u00e1 unos minutos de su discurso al proyecto presentado por Fayad que\u00a0busca vender 800 cr\u00e9ditos hipotecarios del IPV\u00a0para conseguir financiamiento. La idea es que, con esos fondos, el organismo provincial pueda seguir entregando pr\u00e9stamos de viviendas.\u00a0<\/p>\n\n\n\n<h2 class=\"wp-block-heading\" id=\"h-la-coparticipacion\">La coparticipaci\u00f3n<\/h2>\n\n\n\n<p>La\u00a0<strong>coparticipaci\u00f3n<\/strong>\u00a0ser\u00e1 uno de los temas m\u00e1s esperados por los intendentes ya que se encuentran en medio de reclamos de fondos y de\u00a0una iniciativa presentada por el Ejecutivo en el paquete fiscal\u00a0que busca la modificaci\u00f3n al art\u00edculo 5 de la ley 6396.<\/p>\n\n\n\n<p>Esta normativa establece un&nbsp;<strong>Coeficiente de Desarrollo Municipal<\/strong>&nbsp;que suaviza el impacto de la evoluci\u00f3n poblacional en el reparto de recursos coparticipables.<\/p>\n\n\n\n<p>Cornejo ser\u00e1 conciso y no se expresar\u00e1 por muchos minutos frente a un tema que incomoda tanto a propios como a la oposici\u00f3n. Para el mandatario, \u201c<em>nadie pierde y gana<\/em>\u201d con el cambio que pretende realizar en la coparticipaci\u00f3n provincial, sino que&nbsp;<em>\u201cmodera el impacto de los cambios poblacionales<\/em>\u201c.<\/p>\n\n\n\n<h2 class=\"wp-block-heading\" id=\"h-los-gremios-diran-presente\">Los gremios dir\u00e1n presente<\/h2>\n\n\n\n<p>La llegada de Cornejo a la Legislatura no ser\u00e1 para nada confortable ya que los principales gremios estatales se movilizar\u00e1n y concentrar\u00e1n en las inmediaciones de la Casa de Leyes.\u00a0Hasta el momento, Sute\u00a0y<strong>\u00a0Judiciales<\/strong>\u00a0han confirmado que estar\u00e1n presentes, mientras que\u00a0<strong>ATE<\/strong>\u00a0y\u00a0<strong>Ampros\u00a0<\/strong>lo terminar\u00e1n decidiendo con el correr de los d\u00edas.<\/p>\n\n\n\n<p>Los estatales ir\u00e1n a reclamar un aumento salarial y de mejores condiciones laborales. En la \u00faltima paritaria, el Sute y\u00a0ATE llegaron a un acuerdo con el Ejecutivo. Quienes todav\u00eda siguen en negociaciones son los miembros de Ampros y Judiciales.<\/p>\n\n\n\n<p>Estas \u00faltimas entidades gremiales\u00a0se encuentran realizando desde el pasado jueves asambleas permanentes\u00a0en todas las dependencias laborales de la provincia. Pero desde Judiciales, fueron un poco m\u00e1s all\u00e1 y anunciaron un paro de 24 horas para este martes.<\/p>\n\n\n\n<p>FUENTE: Elsol.com.ar <\/p>\n","protected":false},"excerpt":{"rendered":"<p>El mandatario provincial realizar\u00e1 un balance de sus cinco meses de gesti\u00f3n y de lo que ser\u00e1 su mandato de cara a este 2024. Los puntos en el que har\u00e1 \u00e9nfasis ser\u00e1 Producci\u00f3n, Educaci\u00f3n y Seguridad. Como cada 1 de mayo, la Legislatura ser\u00e1 el punto de encuentro del mundo de la pol\u00edtica en&nbsp;Mendoza, ya [&hellip;]<\/p>\n","protected":false},"author":2,"featured_media":7132,"comment_status":"open","ping_status":"open","sticky":true,"template":"","format":"standard","meta":[],"categories":[47],"tags":[],"_links":{"self":[{"href":"https:\/\/pasaenmendoza.com\/index.php?rest_route=\/wp\/v2\/posts\/7131"}],"collection":[{"href":"https:\/\/pasaenmendoza.com\/index.php?rest_route=\/wp\/v2\/posts"}],"about":[{"href":"https:\/\/pasaenmendoza.com\/index.php?rest_route=\/wp\/v2\/types\/post"}],"author":[{"embeddable":true,"href":"https:\/\/pasaenmendoza.com\/index.php?rest_route=\/wp\/v2\/users\/2"}],"replies":[{"embeddable":true,"href":"https:\/\/pasaenmendoza.com\/index.php?rest_route=%2Fwp%2Fv2%2Fcomments&post=7131"}],"version-history":[{"count":1,"href":"https:\/\/pasaenmendoza.com\/index.php?rest_route=\/wp\/v2\/posts\/7131\/revisions"}],"predecessor-version":[{"id":7133,"href":"https:\/\/pasaenmendoza.com\/index.php?rest_route=\/wp\/v2\/posts\/7131\/revisions\/7133"}],"wp:featuredmedia":[{"embeddable":true,"href":"https:\/\/pasaenmendoza.com\/index.php?rest_route=\/wp\/v2\/media\/7132"}],"wp:attachment":[{"href":"https:\/\/pasaenmendoza.com\/index.php?rest_route=%2Fwp%2Fv2%2Fmedia&parent=7131"}],"wp:term":[{"taxonomy":"category","embeddable":true,"href":"https:\/\/pasaenmendoza.com\/index.php?rest_route=%2Fwp%2Fv2%2Fcategories&post=7131"},{"taxonomy":"post_tag","embeddable":true,"href":"https:\/\/pasaenmendoza.com\/index.php?rest_route=%2Fwp%2Fv2%2Ftags&post=7131"}],"curies":[{"name":"wp","href":"https:\/\/api.w.org\/{rel}","templated":true}]}}