{"id":7134,"date":"2024-04-29T14:28:39","date_gmt":"2024-04-29T12:28:39","guid":{"rendered":"https:\/\/pasaenmendoza.com\/?p=7134"},"modified":"2024-04-29T14:28:41","modified_gmt":"2024-04-29T12:28:41","slug":"como-fue-evolucionando-la-cantidad-de-empleados-publicos-en-mendoza","status":"publish","type":"post","link":"https:\/\/pasaenmendoza.com\/?p=7134","title":{"rendered":"C\u00f3mo fue evolucionando la cantidad de empleados p\u00fablicos en Mendoza"},"content":{"rendered":"\n<p>El&nbsp;<strong>Consejo Empresario Mendocino (CEM)&nbsp;<\/strong>public\u00f3 el informe de&nbsp;<strong>Finanzas Provinciales 2013-2023<\/strong>&nbsp;y, entre otros puntos, analiz\u00f3 la evoluci\u00f3n del&nbsp;<strong>empleo p\u00fablico<\/strong>, aunque del periodo 2011-2023, para incluir la gesti\u00f3n completa de los \u00faltimos tres gobernadores. En ese lapso, el empleo p\u00fablico creci\u00f3 por encima que en el sector privado.<\/p>\n\n\n\n<p>Dice el CEM entre sus conclusiones: &#8220;<strong>El empleo p\u00fablico creci\u00f3 9% entre 2011 y 2023<\/strong>, desde 103.423 hasta 112.742 cargos y contratos el \u00faltimo a\u00f1o. En igual per\u00edodo, el empleo privado registrado estuvo pr\u00e1cticamente estancado (+2%)&#8221;.&nbsp;<\/p>\n\n\n\n<p>El principal incremento del empleo p\u00fablico se dio entre\u00a0<strong>2011 y 2015<\/strong>, cuando la planta estatal\u00a0<strong>aument\u00f3<\/strong>\u00a0alrededor de un<strong>\u00a010%<\/strong>: pas\u00f3\u00a0<strong>de 103.423 a 113.437<\/strong>. En tanto, entre\u00a0<strong>2015 y 2019<\/strong>\u00a0se\u00a0<strong>redujo<\/strong>\u00a0un<strong>\u00a03,5%<\/strong>, pasando\u00a0<strong>de 113.437 a 109.512<\/strong>. Y desde\u00a0<strong>2019 a 2023<\/strong>, el empleo p\u00fablico\u00a0<strong>aument\u00f3<\/strong>\u00a0un\u00a0<strong>2,9%<\/strong>:\u00a0<strong>de 109.512 a 112.742<\/strong>. As\u00ed lo se\u00f1ala el informe del CEM.<\/p>\n\n\n\n<p>Por otra parte, el CEM indic\u00f3 que &#8220;la&nbsp;<strong>cantidad de agentes p\u00fablicos cada 1.000 habitantes<\/strong>&nbsp;es 9% menor a la de 2015, pasando de 60,2 a&nbsp;<strong>55 el \u00faltimo a\u00f1o<\/strong>&#8220;. &#8220;En 2013 el gasto en personal representaba 61% de los recursos corrientes, registro que alcanz\u00f3 65% en 2015, ubic\u00e1ndose en 43% en 2023&#8221;, sigui\u00f3, destacando que esto \u00faltimo es clave para no comprometer el equilibrio fiscal.<\/p>\n\n\n\n<p>Sobre esto \u00faltimo, d\u00edas atr\u00e1s el Post public\u00f3 una nota sobre el balance del Tesoro Provincial, con\u00a0n\u00fameros actualizados del primer trimestre de 2024\u00a0y, justamente, se mantiene esta proporci\u00f3n: el 43% de los ingresos corrientes se destinan al pago de salarios, n\u00famero alentador comparado con otras jurisdicciones. En este punto, en 2015, el 65% de recursos corrientes era para salarios de personal.<\/p>\n\n\n\n<p>Otras conclusiones del CEM sobre el empleo p\u00fablico<\/p>\n\n\n\n<p>&#8211; La evoluci\u00f3n del gasto en personal no fue uniforme durante la d\u00e9cada. Aument\u00f3 a un ritmo mayor que los recursos corrientes entre 2013 y 2015 (desde antes a\u00fan), y este comportamiento fue clave para explicar el deterioro del resultado corriente de aquellos a\u00f1os.\u00a0<\/p>\n\n\n\n<p>&#8211; El cambio de tendencia registrado desde 2016 permiti\u00f3 reducir su incidencia y desde entonces, y con la sola excepci\u00f3n de 2019 y 2023, el gasto en personal creci\u00f3 a tasas menores o en l\u00ednea con los recursos corrientes.<\/p>\n\n\n\n<p>FUENTE: Mendozapost.<\/p>\n","protected":false},"excerpt":{"rendered":"<p>El&nbsp;Consejo Empresario Mendocino (CEM)&nbsp;public\u00f3 el informe de&nbsp;Finanzas Provinciales 2013-2023&nbsp;y, entre otros puntos, analiz\u00f3 la evoluci\u00f3n del&nbsp;empleo p\u00fablico, aunque del periodo 2011-2023, para incluir la gesti\u00f3n completa de los \u00faltimos tres gobernadores. En ese lapso, el empleo p\u00fablico creci\u00f3 por encima que en el sector privado. Dice el CEM entre sus conclusiones: &#8220;El empleo p\u00fablico creci\u00f3 [&hellip;]<\/p>\n","protected":false},"author":2,"featured_media":7136,"comment_status":"open","ping_status":"open","sticky":true,"template":"","format":"standard","meta":[],"categories":[47],"tags":[],"_links":{"self":[{"href":"https:\/\/pasaenmendoza.com\/index.php?rest_route=\/wp\/v2\/posts\/7134"}],"collection":[{"href":"https:\/\/pasaenmendoza.com\/index.php?rest_route=\/wp\/v2\/posts"}],"about":[{"href":"https:\/\/pasaenmendoza.com\/index.php?rest_route=\/wp\/v2\/types\/post"}],"author":[{"embeddable":true,"href":"https:\/\/pasaenmendoza.com\/index.php?rest_route=\/wp\/v2\/users\/2"}],"replies":[{"embeddable":true,"href":"https:\/\/pasaenmendoza.com\/index.php?rest_route=%2Fwp%2Fv2%2Fcomments&post=7134"}],"version-history":[{"count":1,"href":"https:\/\/pasaenmendoza.com\/index.php?rest_route=\/wp\/v2\/posts\/7134\/revisions"}],"predecessor-version":[{"id":7137,"href":"https:\/\/pasaenmendoza.com\/index.php?rest_route=\/wp\/v2\/posts\/7134\/revisions\/7137"}],"wp:featuredmedia":[{"embeddable":true,"href":"https:\/\/pasaenmendoza.com\/index.php?rest_route=\/wp\/v2\/media\/7136"}],"wp:attachment":[{"href":"https:\/\/pasaenmendoza.com\/index.php?rest_route=%2Fwp%2Fv2%2Fmedia&parent=7134"}],"wp:term":[{"taxonomy":"category","embeddable":true,"href":"https:\/\/pasaenmendoza.com\/index.php?rest_route=%2Fwp%2Fv2%2Fcategories&post=7134"},{"taxonomy":"post_tag","embeddable":true,"href":"https:\/\/pasaenmendoza.com\/index.php?rest_route=%2Fwp%2Fv2%2Ftags&post=7134"}],"curies":[{"name":"wp","href":"https:\/\/api.w.org\/{rel}","templated":true}]}}