{"id":7143,"date":"2024-04-29T14:34:23","date_gmt":"2024-04-29T12:34:23","guid":{"rendered":"https:\/\/pasaenmendoza.com\/?p=7143"},"modified":"2024-04-29T14:34:24","modified_gmt":"2024-04-29T12:34:24","slug":"le-dispararon-a-un-hombre-con-varias-condenas-y-pedido-de-captura","status":"publish","type":"post","link":"https:\/\/pasaenmendoza.com\/?p=7143","title":{"rendered":"Le dispararon a un hombre con varias condenas y pedido de captura"},"content":{"rendered":"\n<p>Un hombre identificado como\u00a0<strong>J. L., de 34 a\u00f1os, result\u00f3 gravemente herido<\/strong>\u00a0en un hecho que a\u00fan se investiga, en el\u00a0<strong>Barrio Provincias Unidas, de Maip\u00fa<\/strong>. La v\u00edctima, sin embargo, tiene un\u00a0<strong>largo historial delictivo y qued\u00f3 con custodia policial.<\/strong><\/p>\n\n\n\n<p>El incidente tuvo lugar alrededor de las 18.00, cuando J. L. se encontraba en el mencionado barrio y fue atacado por&nbsp;<strong>sujetos armados, quienes le dispararon caus\u00e1ndole m\u00faltiples heridas<\/strong>&nbsp;de consideraci\u00f3n.<\/p>\n\n\n\n<p>Seg\u00fan los informes preliminares, la v\u00edctima presentaba una herida en la zona abdominal, dos heridas en el brazo izquierdo, una en la axila del costado izquierdo y otra en la espalda. Ante la gravedad de sus lesiones, fue\u00a0<strong>trasladado de urgencia al Hospital Central\u00a0<\/strong>para recibir atenci\u00f3n m\u00e9dica especializada.<\/p>\n\n\n\n<p>Lo m\u00e1s llamativo de este caso es el prontuario de la v\u00edctima, que incluye&nbsp;<strong>numerosos antecedentes y una medida pendiente<\/strong>&nbsp;para la fecha del hecho.&nbsp;<\/p>\n\n\n\n<p>Entre sus antecedentes que datan desde 2008, se destaca una&nbsp;<strong>condena por lesiones leves<\/strong>&nbsp;dolosas y<strong>&nbsp;amenazas agravadas por el uso de arma de fuego&nbsp;<\/strong>en enero de 2022, as\u00ed como una&nbsp;<strong>captura en 2016<\/strong>, tambi\u00e9n por la Unidad Fiscal Maip\u00fa-Luj\u00e1n.<\/p>\n\n\n\n<p>El prontuario detalla otras acusaciones por<strong>\u00a0robo y violaci\u00f3n de domicilio,<\/strong>\u00a0algunos de los cuales han culminado en condenas y otros en sobreseimientos.<\/p>\n\n\n\n<p><strong>Fuente: www.mendozapost.com<\/strong><\/p>\n","protected":false},"excerpt":{"rendered":"<p>Un hombre identificado como\u00a0J. L., de 34 a\u00f1os, result\u00f3 gravemente herido\u00a0en un hecho que a\u00fan se investiga, en el\u00a0Barrio Provincias Unidas, de Maip\u00fa. La v\u00edctima, sin embargo, tiene un\u00a0largo historial delictivo y qued\u00f3 con custodia policial. El incidente tuvo lugar alrededor de las 18.00, cuando J. L. se encontraba en el mencionado barrio y fue [&hellip;]<\/p>\n","protected":false},"author":2,"featured_media":7144,"comment_status":"open","ping_status":"open","sticky":false,"template":"","format":"standard","meta":[],"categories":[48],"tags":[],"_links":{"self":[{"href":"https:\/\/pasaenmendoza.com\/index.php?rest_route=\/wp\/v2\/posts\/7143"}],"collection":[{"href":"https:\/\/pasaenmendoza.com\/index.php?rest_route=\/wp\/v2\/posts"}],"about":[{"href":"https:\/\/pasaenmendoza.com\/index.php?rest_route=\/wp\/v2\/types\/post"}],"author":[{"embeddable":true,"href":"https:\/\/pasaenmendoza.com\/index.php?rest_route=\/wp\/v2\/users\/2"}],"replies":[{"embeddable":true,"href":"https:\/\/pasaenmendoza.com\/index.php?rest_route=%2Fwp%2Fv2%2Fcomments&post=7143"}],"version-history":[{"count":1,"href":"https:\/\/pasaenmendoza.com\/index.php?rest_route=\/wp\/v2\/posts\/7143\/revisions"}],"predecessor-version":[{"id":7145,"href":"https:\/\/pasaenmendoza.com\/index.php?rest_route=\/wp\/v2\/posts\/7143\/revisions\/7145"}],"wp:featuredmedia":[{"embeddable":true,"href":"https:\/\/pasaenmendoza.com\/index.php?rest_route=\/wp\/v2\/media\/7144"}],"wp:attachment":[{"href":"https:\/\/pasaenmendoza.com\/index.php?rest_route=%2Fwp%2Fv2%2Fmedia&parent=7143"}],"wp:term":[{"taxonomy":"category","embeddable":true,"href":"https:\/\/pasaenmendoza.com\/index.php?rest_route=%2Fwp%2Fv2%2Fcategories&post=7143"},{"taxonomy":"post_tag","embeddable":true,"href":"https:\/\/pasaenmendoza.com\/index.php?rest_route=%2Fwp%2Fv2%2Ftags&post=7143"}],"curies":[{"name":"wp","href":"https:\/\/api.w.org\/{rel}","templated":true}]}}