{"id":7146,"date":"2024-04-29T14:36:48","date_gmt":"2024-04-29T12:36:48","guid":{"rendered":"https:\/\/pasaenmendoza.com\/?p=7146"},"modified":"2024-04-29T14:36:49","modified_gmt":"2024-04-29T12:36:49","slug":"salio-de-trabajar-y-lo-apunalaron-cerca-del-shopping-en-guaymallen","status":"publish","type":"post","link":"https:\/\/pasaenmendoza.com\/?p=7146","title":{"rendered":"Sali\u00f3 de trabajar y lo apu\u00f1alaron cerca del shopping en Guaymall\u00e9n"},"content":{"rendered":"\n<p>Un joven fue atacado en las inmediaciones del shopping del departamento de Guaymall\u00e9n. Lo apu\u00f1alaron cuando volv\u00eda a su casa luego de trabajar.<\/p>\n\n\n\n<p>A las 23.05, el hombre de 25 a\u00f1os caminaba por calle Bandera de los Andes despu\u00e9s de una jornada laboral y fue interceptado por varios sujetos.<\/p>\n\n\n\n<p>Estas personas -por causas que investiga la Justicia- lo atacaron y lesionaron con un cuchillo.<\/p>\n\n\n\n<p>La v\u00edctima fue llevada a la Guardia del Hospital Central donde lo asistieron. All\u00ed determinaron que ten\u00eda una herida cortopunzante en el t\u00f3rax y otra herida cortante en el gl\u00fateo derecho.<\/p>\n\n\n\n<p>Seg\u00fan el informe del Ministerio de Seguridad, la salud del joven se encuentra estable e interviene la Oficina Fiscal N\u00b09 de Guaymall\u00e9n.<\/p>\n\n\n\n<p><strong>Fuente: www.mendozapost.com<\/strong><\/p>\n","protected":false},"excerpt":{"rendered":"<p>Un joven fue atacado en las inmediaciones del shopping del departamento de Guaymall\u00e9n. Lo apu\u00f1alaron cuando volv\u00eda a su casa luego de trabajar. A las 23.05, el hombre de 25 a\u00f1os caminaba por calle Bandera de los Andes despu\u00e9s de una jornada laboral y fue interceptado por varios sujetos. Estas personas -por causas que investiga [&hellip;]<\/p>\n","protected":false},"author":2,"featured_media":7147,"comment_status":"open","ping_status":"open","sticky":false,"template":"","format":"standard","meta":[],"categories":[48],"tags":[],"_links":{"self":[{"href":"https:\/\/pasaenmendoza.com\/index.php?rest_route=\/wp\/v2\/posts\/7146"}],"collection":[{"href":"https:\/\/pasaenmendoza.com\/index.php?rest_route=\/wp\/v2\/posts"}],"about":[{"href":"https:\/\/pasaenmendoza.com\/index.php?rest_route=\/wp\/v2\/types\/post"}],"author":[{"embeddable":true,"href":"https:\/\/pasaenmendoza.com\/index.php?rest_route=\/wp\/v2\/users\/2"}],"replies":[{"embeddable":true,"href":"https:\/\/pasaenmendoza.com\/index.php?rest_route=%2Fwp%2Fv2%2Fcomments&post=7146"}],"version-history":[{"count":1,"href":"https:\/\/pasaenmendoza.com\/index.php?rest_route=\/wp\/v2\/posts\/7146\/revisions"}],"predecessor-version":[{"id":7148,"href":"https:\/\/pasaenmendoza.com\/index.php?rest_route=\/wp\/v2\/posts\/7146\/revisions\/7148"}],"wp:featuredmedia":[{"embeddable":true,"href":"https:\/\/pasaenmendoza.com\/index.php?rest_route=\/wp\/v2\/media\/7147"}],"wp:attachment":[{"href":"https:\/\/pasaenmendoza.com\/index.php?rest_route=%2Fwp%2Fv2%2Fmedia&parent=7146"}],"wp:term":[{"taxonomy":"category","embeddable":true,"href":"https:\/\/pasaenmendoza.com\/index.php?rest_route=%2Fwp%2Fv2%2Fcategories&post=7146"},{"taxonomy":"post_tag","embeddable":true,"href":"https:\/\/pasaenmendoza.com\/index.php?rest_route=%2Fwp%2Fv2%2Ftags&post=7146"}],"curies":[{"name":"wp","href":"https:\/\/api.w.org\/{rel}","templated":true}]}}