{"id":7149,"date":"2024-04-29T14:39:29","date_gmt":"2024-04-29T12:39:29","guid":{"rendered":"https:\/\/pasaenmendoza.com\/?p=7149"},"modified":"2024-04-29T14:39:30","modified_gmt":"2024-04-29T12:39:30","slug":"otro-nino-quedo-internado-en-mendoza-por-intoxicacion-con-cocaina","status":"publish","type":"post","link":"https:\/\/pasaenmendoza.com\/?p=7149","title":{"rendered":"Otro ni\u00f1o qued\u00f3 internado en Mendoza por intoxicaci\u00f3n con coca\u00edna"},"content":{"rendered":"\n<p><strong>Otro ni\u00f1o qued\u00f3 internado en las \u00faltimas horas en Mendoza<\/strong>&nbsp;<strong>por intoxicaci\u00f3n con coca\u00edna<\/strong>&nbsp;mientras se encontraba al cuidado de su madre. El caso se detect\u00f3 este domingo por la tarde, cuando el progenitor de la criatura, de 4 a\u00f1os y cuatro meses, se present\u00f3 en el Hospital Paroissien de Maip\u00fa porque el ni\u00f1o permanec\u00eda descompuesto en su domicilio de calle Falucho y<mark>&nbsp;un estudio toxicol\u00f3gico posterior revel\u00f3 que dio positivo para coca\u00edna<\/mark>, revelaron fuentes hospitalarias y policiales a&nbsp;<em><strong>El Sol.<\/strong><\/em><\/p>\n\n\n\n<p>Este es el segundo caso que se registra en la provincia en pocas semanas, ya que\u00a0a fines de marzo dos hermanitos, de 4 y 2 a\u00f1os, estuvieron en contacto con la sustancia ilegal\u00a0mientras estaban con su madre en una vivienda del departamento de San Mart\u00edn y\u00a0<strong>la mujer termin\u00f3 imputada por el delito de lesiones leves culposas<\/strong>, calificaci\u00f3n que le permiti\u00f3 continuar en libertad.<\/p>\n\n\n\n<p>El \u00faltimo caso detectado comenz\u00f3 a estudiarse en el citado nosocomio maipucino despu\u00e9s de las 17.30,&nbsp;<mark>cuando un hombre de 46 a\u00f1os se present\u00f3 en la guardia con su hijo y fue atendido por un profesional de salud.<\/mark>&nbsp;El hombre cont\u00f3 que el peque\u00f1o se descompuso y a los pocos minutos comenzaron a realizarle una serie de ex\u00e1menes.<\/p>\n\n\n\n<p>Con el paso de las horas, luego de un an\u00e1lisis de orina,\u00a0<strong>se diagnostic\u00f3 intoxicaci\u00f3n por droga, siendo el resultado positivo para coca\u00edna<\/strong>. Al ser consultado el pap\u00e1 del ni\u00f1o, revel\u00f3 que continuaba tomando el pecho (a pesar de sus cuatro a\u00f1os) y que\u00a0<mark>la mam\u00e1 consum\u00eda el estupefaciente<\/mark>, por lo que la primera hip\u00f3tesis sostiene que pudo haberse contaminado a trav\u00e9s del consumo de leche materna.<\/p>\n\n\n\n<p>Las fuentes agregaron que el peque\u00f1o qued\u00f3 internado&nbsp;<em>\u201cen buen estado de salud\u201d<\/em>&nbsp;en el segundo piso del hospital en compa\u00f1\u00eda de su padre y que el personal del efector p\u00fablico dio conocimiento a personal de los Equipos T\u00e9cnicos Interdisciplinarios (ETI) para que tomen intervenci\u00f3n en el caso.<\/p>\n\n\n\n<p><strong>El 20 de marzo, un caso similar gener\u00f3 fuerte repercusi\u00f3n en la provincia<\/strong>, cuando dos hermanitos de 4 y 2 a\u00f1os -una nena y un var\u00f3n, respectivamente- quedaron internados en el Hospital Perrupato del Este provincial por intoxicaci\u00f3n con el polvo blanco, tal como revel\u00f3 inicialmente un an\u00e1lisis de orina.\u00a0<strong>La primera teor\u00eda sosten\u00eda que los ni\u00f1os hab\u00edan tenido contacto con coca\u00edna mientras se encontraban en la casa de su padre<\/strong>, ya que sus progenitores no conviv\u00edan.<\/p>\n\n\n\n<p><mark>El caso se judicializ\u00f3 y present\u00f3 un giro de 180 grados un par de d\u00edas despu\u00e9s<\/mark>, cuando se iniciaron los primeros investigativos con declaraciones y peritajes correspondientes:&nbsp;<strong>la intoxicaci\u00f3n ocurri\u00f3 aproximadamente seis horas antes de ser hospitalizados<\/strong>, por lo que las sospechas recayeron sobre la mujer, ya se encontraban bajo su custodia en ese momento.<\/p>\n\n\n\n<p>Debido a esto, tal como detall\u00f3 el jefe de los fiscales de San Mart\u00edn,\u00a0<strong>Oscar S\u00edvori<\/strong>, se la imput\u00f3 por el delito de lesiones leves culposas y\u00a0<strong>qued\u00f3 en libertad, pero bajo tratamiento porque presentaba alg\u00fan tipo de trastorno psicol\u00f3gico.<\/strong><\/p>\n\n\n\n<p>Los estudios complementarios tambi\u00e9n revelaron que los ni\u00f1os no hab\u00edan consumido la coca\u00edna, sino que estuvieron en contacto con la droga a trav\u00e9s de la piel, sin descartar del todo que podr\u00edan haberse llevado la mano a la boca.\u00a0<mark>El m\u00e1s chico de los hermanos qued\u00f3 internado en el Perruptado y la mayor fue derivada al Notti<\/mark>, debido a\u00a0<em>\u201ccomplicaciones asociadas a su cuadro\u201d.<\/em><\/p>\n\n\n\n<p><strong>Fuente: www.elsol.com.ar<\/strong><\/p>\n","protected":false},"excerpt":{"rendered":"<p>Otro ni\u00f1o qued\u00f3 internado en las \u00faltimas horas en Mendoza&nbsp;por intoxicaci\u00f3n con coca\u00edna&nbsp;mientras se encontraba al cuidado de su madre. El caso se detect\u00f3 este domingo por la tarde, cuando el progenitor de la criatura, de 4 a\u00f1os y cuatro meses, se present\u00f3 en el Hospital Paroissien de Maip\u00fa porque el ni\u00f1o permanec\u00eda descompuesto en [&hellip;]<\/p>\n","protected":false},"author":2,"featured_media":7150,"comment_status":"open","ping_status":"open","sticky":false,"template":"","format":"standard","meta":[],"categories":[48],"tags":[],"_links":{"self":[{"href":"https:\/\/pasaenmendoza.com\/index.php?rest_route=\/wp\/v2\/posts\/7149"}],"collection":[{"href":"https:\/\/pasaenmendoza.com\/index.php?rest_route=\/wp\/v2\/posts"}],"about":[{"href":"https:\/\/pasaenmendoza.com\/index.php?rest_route=\/wp\/v2\/types\/post"}],"author":[{"embeddable":true,"href":"https:\/\/pasaenmendoza.com\/index.php?rest_route=\/wp\/v2\/users\/2"}],"replies":[{"embeddable":true,"href":"https:\/\/pasaenmendoza.com\/index.php?rest_route=%2Fwp%2Fv2%2Fcomments&post=7149"}],"version-history":[{"count":1,"href":"https:\/\/pasaenmendoza.com\/index.php?rest_route=\/wp\/v2\/posts\/7149\/revisions"}],"predecessor-version":[{"id":7151,"href":"https:\/\/pasaenmendoza.com\/index.php?rest_route=\/wp\/v2\/posts\/7149\/revisions\/7151"}],"wp:featuredmedia":[{"embeddable":true,"href":"https:\/\/pasaenmendoza.com\/index.php?rest_route=\/wp\/v2\/media\/7150"}],"wp:attachment":[{"href":"https:\/\/pasaenmendoza.com\/index.php?rest_route=%2Fwp%2Fv2%2Fmedia&parent=7149"}],"wp:term":[{"taxonomy":"category","embeddable":true,"href":"https:\/\/pasaenmendoza.com\/index.php?rest_route=%2Fwp%2Fv2%2Fcategories&post=7149"},{"taxonomy":"post_tag","embeddable":true,"href":"https:\/\/pasaenmendoza.com\/index.php?rest_route=%2Fwp%2Fv2%2Ftags&post=7149"}],"curies":[{"name":"wp","href":"https:\/\/api.w.org\/{rel}","templated":true}]}}