{"id":715,"date":"2023-08-15T15:22:43","date_gmt":"2023-08-15T13:22:43","guid":{"rendered":"https:\/\/pasaenmendoza.com\/?p=715"},"modified":"2023-08-15T15:22:43","modified_gmt":"2023-08-15T13:22:43","slug":"los-candidatos-a-gobernador-se-enfrentaran-en-un-debate-que-organizaron-alumnos-de-la-uncuyo","status":"publish","type":"post","link":"https:\/\/pasaenmendoza.com\/?p=715","title":{"rendered":"Los candidatos a gobernador se enfrentar\u00e1n en un debate que organizaron alumnos de la UNCuyo"},"content":{"rendered":"\n<p>El\u00a0<strong>primer debate<\/strong>\u00a0en el que se enfrentar\u00e1n, probablemente cual si fuese una pelea de fondo, Hebe Casado -como representante de Alfredo Cornejo- y Omar De Marchi, ser\u00e1 este martes cuando los\u00a0<strong>candidatos a la gobernaci\u00f3n acudan a la convocatoria que les hicieron los estudiantes del Colegio Universitario Central (CUC).<\/strong>\u00a0Seg\u00fan los organizadores del encuentro, hasta la jornada previa ya\u00a0<strong>hab\u00edan confirmado su presencia 4 de los 5 candidatos<\/strong>, y s\u00f3lo restaba la ratificaci\u00f3n de Cambia Mendoza.<\/p>\n\n\n\n<p>Diario UNO consult\u00f3 en la mesa chica del\u00a0<strong>frente oficialista<\/strong>\u00a0y desde all\u00ed\u00a0<strong>confirmaron que asistir\u00eda la candidata a la vicegobernaci\u00f3n, Hebe Casado<\/strong>, ya que Cornejo ten\u00eda otras actividades en agenda para este martes.<\/p>\n\n\n\n<p>Tal y como lo hicieron en el 2021, cuando reeditaron un debate similar pero con los aspirantes al Congreso de la Naci\u00f3n,\u00a0<strong>esos alumnos secundarios buscar\u00e1n conocer la postura de esos candidatos<\/strong>\u00a0en temas como\u00a0<strong>pobreza, trabajo, salario docente y otros m\u00e1s vinculados a la participaci\u00f3n juvenil y el voto joven<\/strong>, o la desinformaci\u00f3n de los votantes.<\/p>\n\n\n\n<p>Mientras la Junta Electoral sigue -lentamente- d\u00e1ndole forma al \u00fanico\u00a0<strong>debate obligatorio de los candidatos<\/strong>\u00a0que se vot\u00f3 de manera express y un\u00e1nime a principios de julio y que deber\u00eda darse entre 7 y 20 d\u00edas antes de las elecciones del 24 de septiembre; los estudiantes secundarios del CUC se movieron m\u00e1s r\u00e1pido, l<strong>es ganaron de mano y ya lograron reunir a los aspirantes a suceder a Rodolfo Suarez<\/strong>.<\/p>\n\n\n\n<p>La cita es para\u00a0<strong>este martes a las 12 en ese colegio ubicado en San Mart\u00edn al 290 de Ciudad<\/strong>. Hasta all\u00ed llegar\u00edan, seg\u00fan lo ya que confirmaron a los organizadores,\u00a0<strong>Omar Parisi (PJ), Omar De Marchi (La Uni\u00f3n Mendocina), Lautaro Jimenez (FIT), Mario Vadillo (Partido Verde) y Hebe Casado (candidata a vicegobernadora de Cambia Mendoza)<\/strong>.<\/p>\n\n\n\n<p><strong>Estudiantes con iniciativa pol\u00edtica<\/strong><\/p>\n\n\n\n<p>Seg\u00fan contaron desde el centro de estudiantes del Colegio Universitario Central &#8211;<strong>\u201cTribus\u201d-<\/strong>, que trabaj\u00f3 en conjunto con el equipo directivo, ese debate ser\u00e1<strong>\u00a0s\u00f3lo para estudiantes del CUC<\/strong>\u00a0y ser\u00e1 moderado por Bel\u00e9n Notti, Candela Garay y Sof\u00eda D\u00edaz, referentes del centro estudiantil.<\/p>\n\n\n\n<p>&#8220;Tomamos la iniciativa porque consideramos que debe aumentar la integraci\u00f3n de los m\u00e1s j\u00f3venes en el calendario pol\u00edtico. Creemos que nuestro colegio permitir\u00e1 la participaci\u00f3n, contribuci\u00f3n y hasta despertar\u00e1 un mayor inter\u00e9s en nuestra comunidad estudiantil, en cuanto a asuntos que deben ser trabajados con mayor \u00e9nfasis si\u00a0<strong>nuestro objetivo es disminuir la ignorancia y la desinformaci\u00f3n relacionadas a tem\u00e1ticas como las que vamos a charlar en el encuentro<\/strong>&#8220;, dijeron desde el centro de estudiantes.<\/p>\n\n\n\n<p>Entre los t\u00f3picos que los mismos estudiantes decidieron priorizar para indagar a los candidatos aparecen:<\/p>\n\n\n\n<ul>\n<li>En el \u00e1rea de&nbsp;<strong>econom\u00eda<\/strong>: empleo, pobreza, inserci\u00f3n laboral<\/li>\n\n\n\n<li><strong>Educaci\u00f3n<\/strong>: salario docente, calidad educativa, actividades de educaci\u00f3n no formal y\/o extracurricular.<\/li>\n\n\n\n<li><strong>Desarrollo Juvenil<\/strong>: G\u00e9neros y Diversidades, Salud Mental, Participaci\u00f3n Ciudadana (voto joven, representatividad de minor\u00edas, desinformaci\u00f3n, desinter\u00e9s).<\/li>\n<\/ul>\n\n\n\n<p>Adem\u00e1s, los candidatos deber\u00e1n estar abiertos a otras tem\u00e1ticas que surgir\u00e1n con las preguntas de los y las estudiantes de la instituci\u00f3n, que\u00a0<strong>se dividen en &#8220;huarpes&#8221; y &#8220;pehuenches&#8221; y todos los a\u00f1os desarrollan un activo cronograma<\/strong>\u00a0que incluye la elecci\u00f3n de sus caciques.<\/p>\n\n\n\n<p><strong>El antecedente del debate del 2021<\/strong><\/p>\n\n\n\n<p>En la previa de las elecciones legislativas de noviembre del 2021, el mismo centro de estudiantes del CUC innov\u00f3 convocando a debatir a los aspirantes mendocinos a llegar al Congreso de la Naci\u00f3n.<\/p>\n\n\n\n<p>A ese debate tambi\u00e9n se sumaron algunos legisladores provinciales, y la n\u00f3mina final de los que participaron incluy\u00f3 a\u00a0<strong>Mariana Juri<\/strong>\u00a0y\u00a0<strong>Julio Cobos\u00a0<\/strong>(Cambia Mendoza), la senadora nacional\u00a0<strong>Anabel Fern\u00e1ndez Sagasti<\/strong>\u00a0(Frente de Todos), los entonces senadores provinciales\u00a0<strong>Marcelo Romano<\/strong>\u00a0(Partido Verde) y\u00a0<strong>Lautaro Jim\u00e9nez\u00a0<\/strong>(Frente de Izquierda y de los Trabajadores). En tanto que por el Partido Federal asisti\u00f3\u00a0<strong>Carlos Ianizzotto,<\/strong>\u00a0<strong>Jorge Pujol\u00a0<\/strong>por Compromiso Federal y\u00a0<strong>Mercedes Llano<\/strong>\u00a0tambi\u00e9n se sent\u00f3 en la mesa por Vamos Mendocinos.<\/p>\n\n\n\n<p>En ese debate se trataron grandes ejes tem\u00e1ticos como empleo genuino, aumento de precios y la inseguridad, y claramente esos grandes temas volver\u00e1n a ser protagonistas de este nuevo cruce de candidatos, ya que est\u00e1n entre los que m\u00e1s preocupan a los j\u00f3venes, y a\u00fan siguen sin tener respuesta de la clase pol\u00edtica.<\/p>\n\n\n\n<p><strong>Fuente: www.diariouno.com.ar<\/strong><\/p>\n","protected":false},"excerpt":{"rendered":"<p>El\u00a0primer debate\u00a0en el que se enfrentar\u00e1n, probablemente cual si fuese una pelea de fondo, Hebe Casado -como representante de Alfredo Cornejo- y Omar De Marchi, ser\u00e1 este martes cuando los\u00a0candidatos a la gobernaci\u00f3n acudan a la convocatoria que les hicieron los estudiantes del Colegio Universitario Central (CUC).\u00a0Seg\u00fan los organizadores del encuentro, hasta la jornada previa [&hellip;]<\/p>\n","protected":false},"author":2,"featured_media":716,"comment_status":"open","ping_status":"open","sticky":false,"template":"","format":"standard","meta":[],"categories":[47],"tags":[],"_links":{"self":[{"href":"https:\/\/pasaenmendoza.com\/index.php?rest_route=\/wp\/v2\/posts\/715"}],"collection":[{"href":"https:\/\/pasaenmendoza.com\/index.php?rest_route=\/wp\/v2\/posts"}],"about":[{"href":"https:\/\/pasaenmendoza.com\/index.php?rest_route=\/wp\/v2\/types\/post"}],"author":[{"embeddable":true,"href":"https:\/\/pasaenmendoza.com\/index.php?rest_route=\/wp\/v2\/users\/2"}],"replies":[{"embeddable":true,"href":"https:\/\/pasaenmendoza.com\/index.php?rest_route=%2Fwp%2Fv2%2Fcomments&post=715"}],"version-history":[{"count":1,"href":"https:\/\/pasaenmendoza.com\/index.php?rest_route=\/wp\/v2\/posts\/715\/revisions"}],"predecessor-version":[{"id":717,"href":"https:\/\/pasaenmendoza.com\/index.php?rest_route=\/wp\/v2\/posts\/715\/revisions\/717"}],"wp:featuredmedia":[{"embeddable":true,"href":"https:\/\/pasaenmendoza.com\/index.php?rest_route=\/wp\/v2\/media\/716"}],"wp:attachment":[{"href":"https:\/\/pasaenmendoza.com\/index.php?rest_route=%2Fwp%2Fv2%2Fmedia&parent=715"}],"wp:term":[{"taxonomy":"category","embeddable":true,"href":"https:\/\/pasaenmendoza.com\/index.php?rest_route=%2Fwp%2Fv2%2Fcategories&post=715"},{"taxonomy":"post_tag","embeddable":true,"href":"https:\/\/pasaenmendoza.com\/index.php?rest_route=%2Fwp%2Fv2%2Ftags&post=715"}],"curies":[{"name":"wp","href":"https:\/\/api.w.org\/{rel}","templated":true}]}}