{"id":7152,"date":"2024-04-29T23:01:51","date_gmt":"2024-04-29T21:01:51","guid":{"rendered":"https:\/\/pasaenmendoza.com\/?p=7152"},"modified":"2024-04-29T23:03:04","modified_gmt":"2024-04-29T21:03:04","slug":"clarin-comenzo-con-los-despidos-en-los-andes-antes-de-venderlo-a-un-holding-mendocino","status":"publish","type":"post","link":"https:\/\/pasaenmendoza.com\/?p=7152","title":{"rendered":"Clar\u00edn comenz\u00f3 con los despidos en Los Andes antes de venderlo a un holding mendocino"},"content":{"rendered":"\n<p>Trabajadores del&nbsp;<strong>diario Los Andes<\/strong>&nbsp;fueron despedidos y&nbsp;<strong>la planta impresora cerr\u00f3<\/strong>&nbsp;este lunes por la ma\u00f1ana. La decisi\u00f3n fue adoptada por el<strong>&nbsp;Grupo Clar\u00edn<\/strong>, como parte del proceso de traspaso del peri\u00f3dico a la sociedad formada por el Grupo Broda, de la familia Barbera, y el empresario Mauricio Badaloni.<\/p>\n\n\n\n<p>Seg\u00fan pudo saber, la actual gesti\u00f3n pact\u00f3<strong>&nbsp;una serie de acciones que deben cumplimentarse antes de que se concrete la venta, lo cual se dar\u00eda en junio&nbsp;<\/strong>de este a\u00f1o. Entre esas acciones se encuentra la<strong>&nbsp;&#8220;reestructuraci\u00f3n de personal&#8221;<\/strong>&nbsp;que inici\u00f3 este lunes.<\/p>\n\n\n\n<p>El personal despedido pertenece a los sectores de&nbsp;<strong>Fotograf\u00eda, Redacci\u00f3n, Planta Impresora y Los Andes Pass<\/strong>.<\/p>\n\n\n\n<h2 class=\"wp-block-heading\">Despidos en Los Andes<\/h2>\n\n\n\n<p>Trabajadores de Los Andes comenzaron a enterarse de los despidos este lunes, en su mayor\u00eda por&nbsp;<strong>comunicaci\u00f3n telef\u00f3nica<\/strong>&nbsp;con Recursos Humanos. Ninguno de ellos a\u00fan fue notificado mediante telegrama formal.<\/p>\n\n\n\n<p>&#8220;Me enter\u00e9 que hab\u00eda despidos, llam\u00e9 a Recursos Humanos y me dijeron que estaba en la lista&#8221;, coment\u00f3 una las periodistas que se qued\u00f3 sin trabajo.<\/p>\n\n\n\n<p><strong>Empleados se est\u00e1n movilizando hasta la sede del diario<\/strong>&nbsp;ubicado en avenida San Mart\u00edn, en pleno centro de la Ciudad de Mendoza.<\/p>\n\n\n\n<h2 class=\"wp-block-heading\">Comunicado oficial por el cierre de la planta impresora<\/h2>\n\n\n\n<p><strong>&#8220;Los Andes reestructura su operaci\u00f3n para proyectarse al futuro&#8221;<\/strong>, se titula el comunicado oficial que dieron a conocer a los medios desde la empresa.<\/p>\n\n\n\n<p>Seg\u00fan explica la firma,&nbsp;<strong>el diario papel se seguir\u00e1 imprimiendo pero en una planta externa<\/strong>&nbsp;&#8220;siguiendo la tendencia de la prensa global de establecer sinergias de impresi\u00f3n&#8221;.<\/p>\n\n\n\n<p>No se ver\u00e1 afectar\u00e1 la circulaci\u00f3n del diario pero la decisi\u00f3n&nbsp;<strong>s\u00ed implica el cierre de la planta local y el despido de los trabajadores de la misma<\/strong>.<\/p>\n\n\n\n<p>Dentro de esta reestructuraci\u00f3n, Los Andes se\u00f1ala que &#8220;el crecimiento permanente del consumo digital y el redimensionamiento de los vol\u00famenes impresos, obliga a las empresas period\u00edsticas a ganar eficiencia en este terreno para focalizar sus recursos en la producci\u00f3n period\u00edstica multiplataforma&#8221;.<\/p>\n\n\n\n<p>En el comunicado confirman que &#8220;<strong>adem\u00e1s de la planta impresora, esta reestructuraci\u00f3n de la compa\u00f1\u00eda incluye otras \u00e1reas<\/strong>&nbsp;de la empresa, dentro de un proceso que Los Andes emprendi\u00f3 para adecuarse a los nuevos tiempos con el objetivo de contar con una estructura sana, \u00e1gil e innovadora&#8221;.<\/p>\n\n\n\n<p><strong>La empresa no dio a conocer cifras oficiales de despidos&nbsp;<\/strong>en dicho comunicado.<\/p>\n\n\n\n<p><strong>Fuente: www.diariouno.com.ar<\/strong><\/p>\n\n\n\n<p><a rel=\"noreferrer noopener\" href=\"https:\/\/www.facebook.com\/dialog\/feed?app_id=161316767303985&amp;link=https%3A%2F%2Fwww.diariouno.com.ar%2Fpolitica%2Fclarin-comenzo-los-despidos-los-andes-antes-venderlo-un-holding-mendocino-n1314771&amp;name=Clar%C3%ADn+comenz%C3%B3+con+los+despidos+en+Los+Andes+antes+de+venderlo+a+un+holding+mendocino&amp;caption=Clar%C3%ADn&amp;description=El+grupo+Broda-Badaloni+est%C3%A1+en+tratativas+para+la+compra+del+tradicional+diario+mendocino.+Antes%2C+Clar%C3%ADn+hizo+un+fuerte+ajuste+y+cerr%C3%B3+la+planta+impresora&amp;redirect_uri=https%3A%2F%2Fwww.diariouno.com.ar%2Fpolitica%2Fclarin-comenzo-los-despidos-los-andes-antes-venderlo-un-holding-mendocino-n1314771\" target=\"_blank\"><\/a><\/p>\n","protected":false},"excerpt":{"rendered":"<p>Trabajadores del&nbsp;diario Los Andes&nbsp;fueron despedidos y&nbsp;la planta impresora cerr\u00f3&nbsp;este lunes por la ma\u00f1ana. La decisi\u00f3n fue adoptada por el&nbsp;Grupo Clar\u00edn, como parte del proceso de traspaso del peri\u00f3dico a la sociedad formada por el Grupo Broda, de la familia Barbera, y el empresario Mauricio Badaloni. Seg\u00fan pudo saber, la actual gesti\u00f3n pact\u00f3&nbsp;una serie de acciones [&hellip;]<\/p>\n","protected":false},"author":2,"featured_media":7153,"comment_status":"open","ping_status":"open","sticky":false,"template":"","format":"standard","meta":[],"categories":[106],"tags":[],"_links":{"self":[{"href":"https:\/\/pasaenmendoza.com\/index.php?rest_route=\/wp\/v2\/posts\/7152"}],"collection":[{"href":"https:\/\/pasaenmendoza.com\/index.php?rest_route=\/wp\/v2\/posts"}],"about":[{"href":"https:\/\/pasaenmendoza.com\/index.php?rest_route=\/wp\/v2\/types\/post"}],"author":[{"embeddable":true,"href":"https:\/\/pasaenmendoza.com\/index.php?rest_route=\/wp\/v2\/users\/2"}],"replies":[{"embeddable":true,"href":"https:\/\/pasaenmendoza.com\/index.php?rest_route=%2Fwp%2Fv2%2Fcomments&post=7152"}],"version-history":[{"count":2,"href":"https:\/\/pasaenmendoza.com\/index.php?rest_route=\/wp\/v2\/posts\/7152\/revisions"}],"predecessor-version":[{"id":7155,"href":"https:\/\/pasaenmendoza.com\/index.php?rest_route=\/wp\/v2\/posts\/7152\/revisions\/7155"}],"wp:featuredmedia":[{"embeddable":true,"href":"https:\/\/pasaenmendoza.com\/index.php?rest_route=\/wp\/v2\/media\/7153"}],"wp:attachment":[{"href":"https:\/\/pasaenmendoza.com\/index.php?rest_route=%2Fwp%2Fv2%2Fmedia&parent=7152"}],"wp:term":[{"taxonomy":"category","embeddable":true,"href":"https:\/\/pasaenmendoza.com\/index.php?rest_route=%2Fwp%2Fv2%2Fcategories&post=7152"},{"taxonomy":"post_tag","embeddable":true,"href":"https:\/\/pasaenmendoza.com\/index.php?rest_route=%2Fwp%2Fv2%2Ftags&post=7152"}],"curies":[{"name":"wp","href":"https:\/\/api.w.org\/{rel}","templated":true}]}}