{"id":7159,"date":"2024-04-29T23:12:58","date_gmt":"2024-04-29T21:12:58","guid":{"rendered":"https:\/\/pasaenmendoza.com\/?p=7159"},"modified":"2024-04-29T23:13:00","modified_gmt":"2024-04-29T21:13:00","slug":"se-habilito-media-calzada-de-un-importante-cruce-de-calles-en-ciudad","status":"publish","type":"post","link":"https:\/\/pasaenmendoza.com\/?p=7159","title":{"rendered":"Se habilit\u00f3 media calzada de un importante cruce de calles en Ciudad"},"content":{"rendered":"\n<p>La\u00a0<strong>Ciudad de Mendoza\u00a0<\/strong>inform\u00f3 el estado actual de las diferentes\u00a0<strong>calles\u00a0<\/strong>que est\u00e1n siendo mejoradas en su calzada, como consecuencia de trabajos de recambio de ca\u00f1er\u00edas que lleva adelante la empresa provincial Aysam, as\u00ed como trabajos en veredas que concreta la comuna.<\/p>\n\n\n\n<p>En este contexto, se comunica la apertura en&nbsp;<strong>media calzada&nbsp;<\/strong>del&nbsp;<strong>cruce&nbsp;<\/strong>de San Juan y Rondeau. Otra novedad es el cierre del cruce de Dr. Cicchitti y Dr. Notti, en el barrio Sanidad, al oeste de la&nbsp;<strong>Ciudad<\/strong>. En este punto, comenz\u00f3 la construcci\u00f3n de un reductor de velocidad. Esta obra redundar\u00e1 en un beneficio para los vecinos de esta zona. El corte de tr\u00e1nsito operar\u00e1 por unos 20 d\u00edas, aproximadamente.<\/p>\n\n\n\n<h3 class=\"wp-block-heading\">Las calles cortadas de forma total<\/h3>\n\n\n\n<p>\u2013 San Juan, de Mor\u00f3n a Juli\u00e1n Barraquero.<\/p>\n\n\n\n<p>\u2013 San Juan, entre Jos\u00e9 V. Zapata y Rondeau<\/p>\n\n\n\n<p>\u2013 Cruce de Dr. Cicchitti y Dr. Notti (barrio Sanidad).<\/p>\n\n\n\n<h3 class=\"wp-block-heading\">Los cortes de media calzada<\/h3>\n\n\n\n<p>\u2013 Cruce de San Juan y Rondeau.<\/p>\n\n\n\n<p>\u2013 San Juan, de Catamarca a Lavalle (lateral oeste, veredas).<\/p>\n\n\n\n<p>\u2013 San Juan, de Entre R\u00edos a C\u00f3rdoba (lateral oeste, veredas).<\/p>\n\n\n\n<p>\u2013 Mor\u00f3n, de San Juan a Costanera (leve restricci\u00f3n en cruce).\u00a0<\/p>\n\n\n\n<p><strong>Fuente: www.diariomendoza.com.ar<\/strong><\/p>\n","protected":false},"excerpt":{"rendered":"<p>La\u00a0Ciudad de Mendoza\u00a0inform\u00f3 el estado actual de las diferentes\u00a0calles\u00a0que est\u00e1n siendo mejoradas en su calzada, como consecuencia de trabajos de recambio de ca\u00f1er\u00edas que lleva adelante la empresa provincial Aysam, as\u00ed como trabajos en veredas que concreta la comuna. En este contexto, se comunica la apertura en&nbsp;media calzada&nbsp;del&nbsp;cruce&nbsp;de San Juan y Rondeau. Otra novedad es [&hellip;]<\/p>\n","protected":false},"author":2,"featured_media":7160,"comment_status":"open","ping_status":"open","sticky":false,"template":"","format":"standard","meta":[],"categories":[50],"tags":[],"_links":{"self":[{"href":"https:\/\/pasaenmendoza.com\/index.php?rest_route=\/wp\/v2\/posts\/7159"}],"collection":[{"href":"https:\/\/pasaenmendoza.com\/index.php?rest_route=\/wp\/v2\/posts"}],"about":[{"href":"https:\/\/pasaenmendoza.com\/index.php?rest_route=\/wp\/v2\/types\/post"}],"author":[{"embeddable":true,"href":"https:\/\/pasaenmendoza.com\/index.php?rest_route=\/wp\/v2\/users\/2"}],"replies":[{"embeddable":true,"href":"https:\/\/pasaenmendoza.com\/index.php?rest_route=%2Fwp%2Fv2%2Fcomments&post=7159"}],"version-history":[{"count":1,"href":"https:\/\/pasaenmendoza.com\/index.php?rest_route=\/wp\/v2\/posts\/7159\/revisions"}],"predecessor-version":[{"id":7161,"href":"https:\/\/pasaenmendoza.com\/index.php?rest_route=\/wp\/v2\/posts\/7159\/revisions\/7161"}],"wp:featuredmedia":[{"embeddable":true,"href":"https:\/\/pasaenmendoza.com\/index.php?rest_route=\/wp\/v2\/media\/7160"}],"wp:attachment":[{"href":"https:\/\/pasaenmendoza.com\/index.php?rest_route=%2Fwp%2Fv2%2Fmedia&parent=7159"}],"wp:term":[{"taxonomy":"category","embeddable":true,"href":"https:\/\/pasaenmendoza.com\/index.php?rest_route=%2Fwp%2Fv2%2Fcategories&post=7159"},{"taxonomy":"post_tag","embeddable":true,"href":"https:\/\/pasaenmendoza.com\/index.php?rest_route=%2Fwp%2Fv2%2Ftags&post=7159"}],"curies":[{"name":"wp","href":"https:\/\/api.w.org\/{rel}","templated":true}]}}