{"id":7165,"date":"2024-04-30T15:01:07","date_gmt":"2024-04-30T13:01:07","guid":{"rendered":"https:\/\/pasaenmendoza.com\/?p=7165"},"modified":"2024-04-30T15:01:11","modified_gmt":"2024-04-30T13:01:11","slug":"el-tiempo-en-mendoza-sigue-el-alerta-por-zonda-y-nevadas-en-cordillera","status":"publish","type":"post","link":"https:\/\/pasaenmendoza.com\/?p=7165","title":{"rendered":"El tiempo en Mendoza: sigue el alerta por Zonda y nevadas en cordillera"},"content":{"rendered":"\n<p>Este&nbsp;<strong>martes<\/strong>&nbsp;se presenta en el Gran Mendoza con nubosidad variable, vientos moderados del este y una temperatura agradable por el viento&nbsp;<strong>Zonda&nbsp;<\/strong>que sopl\u00f3 a lo largo de toda la madrugada.&nbsp;<mark>La m\u00ednima ser\u00e1 de 10 grados y la m\u00e1xima de 22.<\/mark><\/p>\n\n\n\n<p>Adem\u00e1s, el\u00a0<strong>Servicio Meteorol\u00f3gico Nacional (SMN)<\/strong>\u00a0emiti\u00f3 un alerta por\u00a0<strong>Zonda<\/strong>\u00a0en Malarg\u00fce, precordillera de Tupungato y Potrerillos. Tambi\u00e9n hay alerta por\u00a0<strong>nevadas<\/strong>\u00a0en cordillera, aunque\u00a0<mark>a las 9 se prev\u00e9 la reapertura del paso a Chile.<\/mark><\/p>\n\n\n\n<p>El\u00a0<strong>mi\u00e9rcoles<\/strong>\u00a0estar\u00e1 con cielo parcialmente nublado y descenso de la temperatura, vientos moderados del sector sur, precipitaciones aisladas, nevadas en cordillera y el ingreso de frente fr\u00edo.\u00a0<mark>La m\u00ednima ser\u00e1 de 7 grados y la m\u00e1xima de 12.<\/mark><\/p>\n\n\n\n<p>Para el&nbsp;<strong>jueves<\/strong>&nbsp;se prev\u00e9&nbsp;<em>\u201ccielo parcialmente nublado con ascenso de la temperatura, vientos leves del noreste. Heladas parciales\u201d<\/em>.&nbsp;<mark>La m\u00ednima ser\u00e1 de 6 y la m\u00e1xima de 16.<\/mark><\/p>\n\n\n\n<h2 class=\"wp-block-heading\" id=\"h-la-situacion-en-alta-montana\">La situaci\u00f3n en alta monta\u00f1a<\/h2>\n\n\n\n<p>El\u00a0<strong>Sistema Integrado Cristo Redentor<\/strong>\u00a0se encuentra<mark>\u00a0intransitable\u00a0<\/mark>, sin embargo, las autoridades argentinas y chilenas anunciaron que\u00a0<mark>a partir de las 9 quedar\u00e1 habilitado.<\/mark><\/p>\n\n\n\n<p>En tanto, el\u00a0<strong>paso Pehuenche\u00a0<\/strong>est\u00e1\u00a0<mark>cerrado por nevadas.<\/mark><\/p>\n\n\n\n<p><strong>Fuente: www.elsol.com.ar<\/strong><\/p>\n","protected":false},"excerpt":{"rendered":"<p>Este&nbsp;martes&nbsp;se presenta en el Gran Mendoza con nubosidad variable, vientos moderados del este y una temperatura agradable por el viento&nbsp;Zonda&nbsp;que sopl\u00f3 a lo largo de toda la madrugada.&nbsp;La m\u00ednima ser\u00e1 de 10 grados y la m\u00e1xima de 22. Adem\u00e1s, el\u00a0Servicio Meteorol\u00f3gico Nacional (SMN)\u00a0emiti\u00f3 un alerta por\u00a0Zonda\u00a0en Malarg\u00fce, precordillera de Tupungato y Potrerillos. Tambi\u00e9n hay alerta [&hellip;]<\/p>\n","protected":false},"author":2,"featured_media":7166,"comment_status":"open","ping_status":"open","sticky":false,"template":"","format":"standard","meta":[],"categories":[46,52],"tags":[],"_links":{"self":[{"href":"https:\/\/pasaenmendoza.com\/index.php?rest_route=\/wp\/v2\/posts\/7165"}],"collection":[{"href":"https:\/\/pasaenmendoza.com\/index.php?rest_route=\/wp\/v2\/posts"}],"about":[{"href":"https:\/\/pasaenmendoza.com\/index.php?rest_route=\/wp\/v2\/types\/post"}],"author":[{"embeddable":true,"href":"https:\/\/pasaenmendoza.com\/index.php?rest_route=\/wp\/v2\/users\/2"}],"replies":[{"embeddable":true,"href":"https:\/\/pasaenmendoza.com\/index.php?rest_route=%2Fwp%2Fv2%2Fcomments&post=7165"}],"version-history":[{"count":1,"href":"https:\/\/pasaenmendoza.com\/index.php?rest_route=\/wp\/v2\/posts\/7165\/revisions"}],"predecessor-version":[{"id":7167,"href":"https:\/\/pasaenmendoza.com\/index.php?rest_route=\/wp\/v2\/posts\/7165\/revisions\/7167"}],"wp:featuredmedia":[{"embeddable":true,"href":"https:\/\/pasaenmendoza.com\/index.php?rest_route=\/wp\/v2\/media\/7166"}],"wp:attachment":[{"href":"https:\/\/pasaenmendoza.com\/index.php?rest_route=%2Fwp%2Fv2%2Fmedia&parent=7165"}],"wp:term":[{"taxonomy":"category","embeddable":true,"href":"https:\/\/pasaenmendoza.com\/index.php?rest_route=%2Fwp%2Fv2%2Fcategories&post=7165"},{"taxonomy":"post_tag","embeddable":true,"href":"https:\/\/pasaenmendoza.com\/index.php?rest_route=%2Fwp%2Fv2%2Ftags&post=7165"}],"curies":[{"name":"wp","href":"https:\/\/api.w.org\/{rel}","templated":true}]}}