{"id":7168,"date":"2024-04-30T15:04:41","date_gmt":"2024-04-30T13:04:41","guid":{"rendered":"https:\/\/pasaenmendoza.com\/?p=7168"},"modified":"2024-04-30T15:04:42","modified_gmt":"2024-04-30T13:04:42","slug":"un-arbol-se-desplomo-sobre-un-auto-tras-un-fuerte-choque-en-ciudad","status":"publish","type":"post","link":"https:\/\/pasaenmendoza.com\/?p=7168","title":{"rendered":"Un \u00e1rbol se desplom\u00f3 sobre un auto tras un fuerte choque en Ciudad"},"content":{"rendered":"\n<p>Un aparatoso&nbsp;<strong>choque&nbsp;<\/strong>termin\u00f3 con un \u00e1rbol cayendo sobre un<strong>&nbsp;veh\u00edculo estacionado<\/strong>&nbsp;y dos menores heridos en Ciudad. Hubo caos de tr\u00e1nsito en la zona.<\/p>\n\n\n\n<p>El hecho se registr\u00f3 poco antes de las 8 en la intersecci\u00f3n de las calles San Mart\u00edn y La Plata, cuando un Peugeot y un Chevrolet colisionaron. Producto del golpe, el conductor del primer autom\u00f3vil perdi\u00f3 el control y se estrell\u00f3 contra un \u00e1rbol.<\/p>\n\n\n\n<p>Como consecuencia, el \u00e1rbol se desplom\u00f3 sobre un auto que estaba estacionado en las cercan\u00edas.<\/p>\n\n\n\n<p>Personal de Tr\u00e1nsito de Ciudad y una ambulancia llegaron hasta el lugar y atendieron a dos menores que resultaron con heridas leves.<\/p>\n\n\n\n<p><strong>Fuente: www.elsol.com.ar<\/strong><\/p>\n","protected":false},"excerpt":{"rendered":"<p>Un aparatoso&nbsp;choque&nbsp;termin\u00f3 con un \u00e1rbol cayendo sobre un&nbsp;veh\u00edculo estacionado&nbsp;y dos menores heridos en Ciudad. Hubo caos de tr\u00e1nsito en la zona. El hecho se registr\u00f3 poco antes de las 8 en la intersecci\u00f3n de las calles San Mart\u00edn y La Plata, cuando un Peugeot y un Chevrolet colisionaron. Producto del golpe, el conductor del primer [&hellip;]<\/p>\n","protected":false},"author":2,"featured_media":7169,"comment_status":"open","ping_status":"open","sticky":false,"template":"","format":"standard","meta":[],"categories":[48],"tags":[],"_links":{"self":[{"href":"https:\/\/pasaenmendoza.com\/index.php?rest_route=\/wp\/v2\/posts\/7168"}],"collection":[{"href":"https:\/\/pasaenmendoza.com\/index.php?rest_route=\/wp\/v2\/posts"}],"about":[{"href":"https:\/\/pasaenmendoza.com\/index.php?rest_route=\/wp\/v2\/types\/post"}],"author":[{"embeddable":true,"href":"https:\/\/pasaenmendoza.com\/index.php?rest_route=\/wp\/v2\/users\/2"}],"replies":[{"embeddable":true,"href":"https:\/\/pasaenmendoza.com\/index.php?rest_route=%2Fwp%2Fv2%2Fcomments&post=7168"}],"version-history":[{"count":1,"href":"https:\/\/pasaenmendoza.com\/index.php?rest_route=\/wp\/v2\/posts\/7168\/revisions"}],"predecessor-version":[{"id":7170,"href":"https:\/\/pasaenmendoza.com\/index.php?rest_route=\/wp\/v2\/posts\/7168\/revisions\/7170"}],"wp:featuredmedia":[{"embeddable":true,"href":"https:\/\/pasaenmendoza.com\/index.php?rest_route=\/wp\/v2\/media\/7169"}],"wp:attachment":[{"href":"https:\/\/pasaenmendoza.com\/index.php?rest_route=%2Fwp%2Fv2%2Fmedia&parent=7168"}],"wp:term":[{"taxonomy":"category","embeddable":true,"href":"https:\/\/pasaenmendoza.com\/index.php?rest_route=%2Fwp%2Fv2%2Fcategories&post=7168"},{"taxonomy":"post_tag","embeddable":true,"href":"https:\/\/pasaenmendoza.com\/index.php?rest_route=%2Fwp%2Fv2%2Ftags&post=7168"}],"curies":[{"name":"wp","href":"https:\/\/api.w.org\/{rel}","templated":true}]}}