{"id":7171,"date":"2024-04-30T15:08:04","date_gmt":"2024-04-30T13:08:04","guid":{"rendered":"https:\/\/pasaenmendoza.com\/?p=7171"},"modified":"2024-04-30T15:08:09","modified_gmt":"2024-04-30T13:08:09","slug":"robaron-bicicletas-de-bicitran-las-danaron-y-dejaron-abandonadas-en-las-heras","status":"publish","type":"post","link":"https:\/\/pasaenmendoza.com\/?p=7171","title":{"rendered":"Robaron bicicletas de BiciTran, las da\u00f1aron y dejaron abandonadas en Las Heras"},"content":{"rendered":"\n<p>Efectivos de la\u00a0<strong>Comisar\u00eda 16\u00aa<\/strong>\u00a0que realizaban tareas operativas por Las Heras hallaron este lunes durante la madrugada\u00a0dos bicicletas del\u00a0<mark>sistema Bicitran<\/mark>\u00a0que hab\u00edan sido denunciadas como sustra\u00eddas en los \u00faltimos d\u00edas.\u00a0<strong>Los rodados se encontraban en mal estado y les hab\u00edan quitado el GPS.<\/strong><\/p>\n\n\n\n<p>La informaci\u00f3n se\u00f1ala que los efectivos desarrollaban patrullajes por calle San Mart\u00edn y luego tomaron por Per\u00f3n hacia el oeste. Al llegar a la intersecci\u00f3n con Islas Malvinas, observaron tirado a uno de los\u00a0<strong>biciclos con la sigla BT 461<\/strong>. El mismo se encontraba sobre el costado sur de Per\u00f3n.<\/p>\n\n\n\n<p>Por su parte, a pocos metros dieron otro de los rodados,&nbsp;<mark>el que presentaba la sigla BT 050<\/mark>. A los veh\u00edculos, de acuerdo con los peritajes que se realizaron,&nbsp;<strong>les hab\u00edan quitado el Sistema de Posicionamiento Global (GPS)<\/strong>, el que se encuentra debajo del asiento.<\/p>\n\n\n\n<p>Una vez notificado un operador de&nbsp;<strong>Bicitran<\/strong>, inform\u00f3 que la primera bicicleta hallada hab\u00eda sido&nbsp;<mark>sustra\u00edda de la estaci\u00f3n de calles Beltr\u00e1n y Mosconi de Ciudad y el segundo de la que se encuentra en Cayetano Silva 3406, tambi\u00e9n de Capital.<\/mark><\/p>\n\n\n\n<p>Personal de\u00a0<strong>Polic\u00eda Cient\u00edfica<\/strong>\u00a0trabaj\u00f3 sobre los bienes recuperados y luego fueron secuestradas para ser dejadas a disposici\u00f3n de la Justicia.<\/p>\n\n\n\n<p><strong>Fuente: www.elsol.com.ar<\/strong><\/p>\n","protected":false},"excerpt":{"rendered":"<p>Efectivos de la\u00a0Comisar\u00eda 16\u00aa\u00a0que realizaban tareas operativas por Las Heras hallaron este lunes durante la madrugada\u00a0dos bicicletas del\u00a0sistema Bicitran\u00a0que hab\u00edan sido denunciadas como sustra\u00eddas en los \u00faltimos d\u00edas.\u00a0Los rodados se encontraban en mal estado y les hab\u00edan quitado el GPS. La informaci\u00f3n se\u00f1ala que los efectivos desarrollaban patrullajes por calle San Mart\u00edn y luego tomaron [&hellip;]<\/p>\n","protected":false},"author":2,"featured_media":7172,"comment_status":"open","ping_status":"open","sticky":false,"template":"","format":"standard","meta":[],"categories":[48],"tags":[],"_links":{"self":[{"href":"https:\/\/pasaenmendoza.com\/index.php?rest_route=\/wp\/v2\/posts\/7171"}],"collection":[{"href":"https:\/\/pasaenmendoza.com\/index.php?rest_route=\/wp\/v2\/posts"}],"about":[{"href":"https:\/\/pasaenmendoza.com\/index.php?rest_route=\/wp\/v2\/types\/post"}],"author":[{"embeddable":true,"href":"https:\/\/pasaenmendoza.com\/index.php?rest_route=\/wp\/v2\/users\/2"}],"replies":[{"embeddable":true,"href":"https:\/\/pasaenmendoza.com\/index.php?rest_route=%2Fwp%2Fv2%2Fcomments&post=7171"}],"version-history":[{"count":1,"href":"https:\/\/pasaenmendoza.com\/index.php?rest_route=\/wp\/v2\/posts\/7171\/revisions"}],"predecessor-version":[{"id":7173,"href":"https:\/\/pasaenmendoza.com\/index.php?rest_route=\/wp\/v2\/posts\/7171\/revisions\/7173"}],"wp:featuredmedia":[{"embeddable":true,"href":"https:\/\/pasaenmendoza.com\/index.php?rest_route=\/wp\/v2\/media\/7172"}],"wp:attachment":[{"href":"https:\/\/pasaenmendoza.com\/index.php?rest_route=%2Fwp%2Fv2%2Fmedia&parent=7171"}],"wp:term":[{"taxonomy":"category","embeddable":true,"href":"https:\/\/pasaenmendoza.com\/index.php?rest_route=%2Fwp%2Fv2%2Fcategories&post=7171"},{"taxonomy":"post_tag","embeddable":true,"href":"https:\/\/pasaenmendoza.com\/index.php?rest_route=%2Fwp%2Fv2%2Ftags&post=7171"}],"curies":[{"name":"wp","href":"https:\/\/api.w.org\/{rel}","templated":true}]}}