{"id":7174,"date":"2024-04-30T15:13:22","date_gmt":"2024-04-30T13:13:22","guid":{"rendered":"https:\/\/pasaenmendoza.com\/?p=7174"},"modified":"2024-04-30T15:13:23","modified_gmt":"2024-04-30T13:13:23","slug":"comenzo-el-juicio-contra-un-pastor-evangelico-por-presuntos-abusos-sexuales-a-dos-adolescentes","status":"publish","type":"post","link":"https:\/\/pasaenmendoza.com\/?p=7174","title":{"rendered":"Comenz\u00f3 el juicio contra un pastor evang\u00e9lico por presuntos abusos sexuales a dos adolescentes"},"content":{"rendered":"\n<p>Tras casi dos a\u00f1os de investigaci\u00f3n, finalmente comenz\u00f3 el juicio contra un&nbsp;<strong>pastor evang\u00e9lico<\/strong>&nbsp;acusado de cometer reiterados&nbsp;<strong>abusos sexuales<\/strong>&nbsp;contra dos adolescentes de su congregaci\u00f3n. El sospechoso arriesga una pena de 8 a 50 a\u00f1os de c\u00e1rcel.<\/p>\n\n\n\n<p>El sujeto de 52 a\u00f1os \u2013se reserva su identidad- se sent\u00f3 en el banquillo de acusados el jueves pasado en un debate oral que est\u00e1 previsto que se extienda hasta el pr\u00f3ximo viernes. Est\u00e1 imputado por varios hechos de&nbsp;<strong>abuso sexual simple y gravemente ultrajante, todo agravado por ser ministro de culto y encargado de la guarda de las v\u00edctimas.<\/strong><\/p>\n\n\n\n<p>Se trata de\u00a0<strong>dos j\u00f3venes, que hoy tienen 25 y 28 a\u00f1os de edad, que pertenec\u00edan al movimiento religioso<\/strong>. El primero de ellos radic\u00f3 la denuncia en junio de 2022 y dijo haber sido v\u00edctima de varios abusos sexuales cuando\u00a0<strong>ten\u00eda entre 17 y 20 a\u00f1os. En concreto habl\u00f3 de abusos del tipo oral, de tocamientos y de masturbaciones.<\/strong><\/p>\n\n\n\n<p>Seg\u00fan su relato, los ataques sexuales ocurrieron en distintos lugares. Algunos&nbsp;<strong>en la casa del sospechoso ubicada cerca del Parque General San Mart\u00edn, otras dentro del veh\u00edculo del pastor cuando estaba detenido en una estaci\u00f3n de servicio en Lavalle y hasta otros vej\u00e1menes dentro del templo,<\/strong>&nbsp;que por esos a\u00f1os estaba ubicado sobre calle San Mart\u00edn en el departamento de Las Heras.<\/p>\n\n\n\n<p>Semanas despu\u00e9s recay\u00f3 la segunda denuncia de un joven que relat\u00f3 que antes de 2018 realiz\u00f3 un viaje a la provincia de La Rioja con motivos de prestar servicios religiosos, ya que \u00e9l pertenec\u00eda al movimiento evang\u00e9lico.\u00a0En esa excursi\u00f3n fue que estando en un hotel en la ciudad de Villa Uni\u00f3n fue abordado por el pastor, quien se puso de rodillas al lado de su cama y lo masturb\u00f3 contra su voluntad.<\/p>\n\n\n\n<p>Pero el joven relat\u00f3 que sufri\u00f3 otros hechos entre 2018 y 2019 en el templo, que por esa \u00e9poca estaba ubicado en calle San Mart\u00edn en el departamento de Las Heras. El denunciante asegur\u00f3 haber sufrido otros tocamientos durante esos a\u00f1os.<\/p>\n\n\n\n<p>Todos estos hechos ser\u00e1n ventilados durante el juicio que lleva adelante la fiscal de Delitos Sexuales Mar\u00eda de las Mercedes Moya. Quien definir\u00e1 la suerte procesal del pastor evang\u00e9lico, que actualmente se encuentra detenido con prisi\u00f3n domiciliaria, ser\u00e1 el juez Alejandro Miguel.<\/p>\n\n\n\n<p><strong>Fuente: www.diariouno.com.ar<\/strong><\/p>\n","protected":false},"excerpt":{"rendered":"<p>Tras casi dos a\u00f1os de investigaci\u00f3n, finalmente comenz\u00f3 el juicio contra un&nbsp;pastor evang\u00e9lico&nbsp;acusado de cometer reiterados&nbsp;abusos sexuales&nbsp;contra dos adolescentes de su congregaci\u00f3n. El sospechoso arriesga una pena de 8 a 50 a\u00f1os de c\u00e1rcel. El sujeto de 52 a\u00f1os \u2013se reserva su identidad- se sent\u00f3 en el banquillo de acusados el jueves pasado en un [&hellip;]<\/p>\n","protected":false},"author":2,"featured_media":7175,"comment_status":"open","ping_status":"open","sticky":false,"template":"","format":"standard","meta":[],"categories":[48],"tags":[],"_links":{"self":[{"href":"https:\/\/pasaenmendoza.com\/index.php?rest_route=\/wp\/v2\/posts\/7174"}],"collection":[{"href":"https:\/\/pasaenmendoza.com\/index.php?rest_route=\/wp\/v2\/posts"}],"about":[{"href":"https:\/\/pasaenmendoza.com\/index.php?rest_route=\/wp\/v2\/types\/post"}],"author":[{"embeddable":true,"href":"https:\/\/pasaenmendoza.com\/index.php?rest_route=\/wp\/v2\/users\/2"}],"replies":[{"embeddable":true,"href":"https:\/\/pasaenmendoza.com\/index.php?rest_route=%2Fwp%2Fv2%2Fcomments&post=7174"}],"version-history":[{"count":1,"href":"https:\/\/pasaenmendoza.com\/index.php?rest_route=\/wp\/v2\/posts\/7174\/revisions"}],"predecessor-version":[{"id":7176,"href":"https:\/\/pasaenmendoza.com\/index.php?rest_route=\/wp\/v2\/posts\/7174\/revisions\/7176"}],"wp:featuredmedia":[{"embeddable":true,"href":"https:\/\/pasaenmendoza.com\/index.php?rest_route=\/wp\/v2\/media\/7175"}],"wp:attachment":[{"href":"https:\/\/pasaenmendoza.com\/index.php?rest_route=%2Fwp%2Fv2%2Fmedia&parent=7174"}],"wp:term":[{"taxonomy":"category","embeddable":true,"href":"https:\/\/pasaenmendoza.com\/index.php?rest_route=%2Fwp%2Fv2%2Fcategories&post=7174"},{"taxonomy":"post_tag","embeddable":true,"href":"https:\/\/pasaenmendoza.com\/index.php?rest_route=%2Fwp%2Fv2%2Ftags&post=7174"}],"curies":[{"name":"wp","href":"https:\/\/api.w.org\/{rel}","templated":true}]}}