{"id":718,"date":"2023-08-15T15:26:59","date_gmt":"2023-08-15T13:26:59","guid":{"rendered":"https:\/\/pasaenmendoza.com\/?p=718"},"modified":"2023-08-15T15:26:59","modified_gmt":"2023-08-15T13:26:59","slug":"shell-aumento-los-precios-de-sus-combustibles-y-asi-quedaron-en-el-gran-mendoza","status":"publish","type":"post","link":"https:\/\/pasaenmendoza.com\/?p=718","title":{"rendered":"Shell aument\u00f3 los precios de sus combustibles y as\u00ed quedaron en el Gran Mendoza"},"content":{"rendered":"\n<p>La petrolera\u00a0<strong>Shell\u00a0<\/strong>aument\u00f3 entre un 5 y un 6% el precio de sus combustibles en el<strong>\u00a0Gran Mendoza<\/strong>. Se trata del segundo incremento del mes:\u00a0<mark>el anterior fue de 4,5%<\/mark>\u00a0y se aplic\u00f3 el 1 de agosto.<\/p>\n\n\n\n<p>La actualizaci\u00f3n de los valores se llev\u00f3 a cabo este martes, tras la finalizaci\u00f3n del acuerdo con el Gobierno nacional, denominado Precios Justos, y la devaluaci\u00f3n implementada luego de la derrota del oficialismo en las PASO.<\/p>\n\n\n\n<p>De esta forma, los valores actualizados en las estaciones de servicio de Shell en el Gran Mendoza son los siguientes:<\/p>\n\n\n\n<ul>\n<li><strong>Nafta s\u00faper<\/strong>&nbsp;pasa de&nbsp;<strong>$250,70 a $265,70&nbsp;<\/strong>(5,98% de aumento)<\/li>\n\n\n\n<li><strong>V-Power Nafta&nbsp;<\/strong>pasa de&nbsp;<strong>$313,40 a $329,40&nbsp;<\/strong>(+5,10%)<\/li>\n\n\n\n<li><strong>F\u00f3rmula Di\u00e9sel<\/strong>&nbsp;pasa de&nbsp;<strong>$281,50 a $297,50&nbsp;<\/strong>(+5,68%)<\/li>\n\n\n\n<li><strong>V-Power Di\u00e9sel<\/strong>\u00a0pasa de\u00a0<strong>$342,70 a $359,70\u00a0<\/strong>(+4,96%)<\/li>\n<\/ul>\n\n\n\n<p>Por el momento,\u00a0<strong>YPF\u00a0<\/strong>-la empresa estatal que lidera el mercado- mantiene los mismos precios que este lunes.<\/p>\n\n\n\n<p>Sin embargo, fuentes del sector indicaron que tras la devaluaci\u00f3n, otras petroleras aumentaron los precios mayoristas, por lo que\u00a0<mark>es inminente un aumento en los surtidores<\/mark>. En algunos casos, como Shell, ya fueron aplicados los incrementos.<\/p>\n\n\n\n<p>Este martes finaliza el \u00faltimo acuerdo de precios, quedando las empresas en condiciones de fijar libremente los valores de sus productos, seg\u00fan establece la ley. Aunque se esperan reuniones entre las refinadoras y el Gobierno nacional para definir el ajuste.<\/p>\n\n\n\n<p><em>\u201cNecesitamos como m\u00ednimo un aumento del 20% como primer paso\u201d<\/em>, explicaron desde una petrolera al portal<em>\u00a0El Estacionero<\/em>. \u201c<em>No existe otro camino hoy que el de aumentar los precios de los combustibles<\/em>\u201c, destac\u00f3 por su parte el exsecretario de Energ\u00eda, Daniel Montamat.<\/p>\n\n\n\n<p>En este contexto, el exfuncionario explic\u00f3 al portal\u00a0<em>Surtidores\u00a0<\/em>que es imperativo que la cadena de valor petrolera adec\u00fae sus precios al nuevo valor del d\u00f3lar oficial. \u201c<em>No hacerlo podr\u00eda poner en riesgo a\u00fan m\u00e1s la rentabilidad de las Estaciones de Servicio y afectar el suministro de combustibles en el pa\u00eds\u201d,<\/em>\u00a0advirti\u00f3.<\/p>\n\n\n\n<p><strong>Fuente: www.elsol.com.ar<\/strong><\/p>\n","protected":false},"excerpt":{"rendered":"<p>La petrolera\u00a0Shell\u00a0aument\u00f3 entre un 5 y un 6% el precio de sus combustibles en el\u00a0Gran Mendoza. Se trata del segundo incremento del mes:\u00a0el anterior fue de 4,5%\u00a0y se aplic\u00f3 el 1 de agosto. La actualizaci\u00f3n de los valores se llev\u00f3 a cabo este martes, tras la finalizaci\u00f3n del acuerdo con el Gobierno nacional, denominado Precios [&hellip;]<\/p>\n","protected":false},"author":2,"featured_media":719,"comment_status":"open","ping_status":"open","sticky":false,"template":"","format":"standard","meta":[],"categories":[49],"tags":[],"_links":{"self":[{"href":"https:\/\/pasaenmendoza.com\/index.php?rest_route=\/wp\/v2\/posts\/718"}],"collection":[{"href":"https:\/\/pasaenmendoza.com\/index.php?rest_route=\/wp\/v2\/posts"}],"about":[{"href":"https:\/\/pasaenmendoza.com\/index.php?rest_route=\/wp\/v2\/types\/post"}],"author":[{"embeddable":true,"href":"https:\/\/pasaenmendoza.com\/index.php?rest_route=\/wp\/v2\/users\/2"}],"replies":[{"embeddable":true,"href":"https:\/\/pasaenmendoza.com\/index.php?rest_route=%2Fwp%2Fv2%2Fcomments&post=718"}],"version-history":[{"count":1,"href":"https:\/\/pasaenmendoza.com\/index.php?rest_route=\/wp\/v2\/posts\/718\/revisions"}],"predecessor-version":[{"id":720,"href":"https:\/\/pasaenmendoza.com\/index.php?rest_route=\/wp\/v2\/posts\/718\/revisions\/720"}],"wp:featuredmedia":[{"embeddable":true,"href":"https:\/\/pasaenmendoza.com\/index.php?rest_route=\/wp\/v2\/media\/719"}],"wp:attachment":[{"href":"https:\/\/pasaenmendoza.com\/index.php?rest_route=%2Fwp%2Fv2%2Fmedia&parent=718"}],"wp:term":[{"taxonomy":"category","embeddable":true,"href":"https:\/\/pasaenmendoza.com\/index.php?rest_route=%2Fwp%2Fv2%2Fcategories&post=718"},{"taxonomy":"post_tag","embeddable":true,"href":"https:\/\/pasaenmendoza.com\/index.php?rest_route=%2Fwp%2Fv2%2Ftags&post=718"}],"curies":[{"name":"wp","href":"https:\/\/api.w.org\/{rel}","templated":true}]}}