{"id":7180,"date":"2024-04-30T16:00:26","date_gmt":"2024-04-30T14:00:26","guid":{"rendered":"https:\/\/pasaenmendoza.com\/?p=7180"},"modified":"2024-04-30T16:00:28","modified_gmt":"2024-04-30T14:00:28","slug":"como-votaron-los-diputados-mendocinos-la-ley-bases-en-general","status":"publish","type":"post","link":"https:\/\/pasaenmendoza.com\/?p=7180","title":{"rendered":"C\u00f3mo votaron los diputados mendocinos la ley Bases en general"},"content":{"rendered":"\n<p>La\u00a0<strong>C\u00e1mara de Diputados<\/strong>\u00a0aprob\u00f3 en general la\u00a0<strong>ley Bases<\/strong>\u00a0impulsada por el oficialismo nacional, con 142 votos a favor, 106 en contra y 5 abstenciones y resta su aval en particular para que obtenga media sanci\u00f3n y sea remitida al Senado.<\/p>\n\n\n\n<p><mark>Mendoza cuenta con diez diputados en el Congreso, los cuales votaron de manera dispar en la ma\u00f1ana de este martes, luego de m\u00e1s de 20 horas de discusi\u00f3n.<\/mark><\/p>\n\n\n\n<p>A favor votaron\u00a0<mark>Lourdes Arrieta, \u00c1lvaro Mart\u00ednez, Facundo Correa Llano y Mercedes Llano, de La Libertad Avanza, y los tres de la Uni\u00f3n C\u00edvica Radical, Julio Cobos, Lisandro Nieri y Pamela Verasay.<\/mark><\/p>\n\n\n\n<p>En tanto,&nbsp;<mark>Adolfo Bermejo, Liliana Panonet y Mart\u00edn Aveiro<\/mark>, todos de Uni\u00f3n por la Patria, votaron en&nbsp;<strong>contra<\/strong>.<\/p>\n\n\n\n<h2 class=\"wp-block-heading\" id=\"h-repercusion-en-las-redes\">Repercusi\u00f3n en las redes<\/h2>\n\n\n\n<p>Una de las primeras en expresarse fue la radical&nbsp;<strong>Pamela Verasay<\/strong>, quien a trav\u00e9s de la red social X (Twitter) destac\u00f3 los puntos que el radicalismo impuls\u00f3 y el rol del partido en la construcci\u00f3n del consenso.<\/p>\n\n\n\n<p><em>\u201cDesde la UCR hemos trabajado el texto del proyecto de ley con responsabilidad, otorgando las herramientas que el Gobierno necesita, para que tenga su hoja de ruta y empiece a gobernar\u201d<\/em>, se\u00f1al\u00f3.<\/p>\n\n\n\n<p>Por el lado de los libertarios,\u00a0<strong>Lourdes Arrieta<\/strong>\u00a0poste\u00f3 una imagen del tablero acompa\u00f1ado de la frase\u00a0<em>\u201ces ley<\/em>\u201d y el detalle de los votos.<\/p>\n\n\n\n<p><em>\u201cSe aprob\u00f3 en general el Proyecto de la Ley Bases. Un gran avance para todos los argentinos. Pasamos al tratamiento de la ley en particular\u201d<\/em>, comparti\u00f3\u00a0<strong>Facundo Correa Llano<\/strong>\u00a0junto a un video.<\/p>\n\n\n\n<p>Finalmente, el demarchista\u00a0<strong>\u00c1lvaro Mart\u00ednez<\/strong>\u00a0asegur\u00f3 que la aprobaci\u00f3n de la ley en general es una demostraci\u00f3n de que\u00a0<em>\u201cla grieta se puede cerrar\u201d<\/em>.<\/p>\n\n\n\n<p><em>\u201cLo que acaba de suceder en el recinto de la C\u00e1mara de Diputados es mucho m\u00e1s que la sanci\u00f3n definitiva de la Ley de Bases, es la demostraci\u00f3n de que la grieta se puede cerrar con aquellos que est\u00e1n dispuestos a cerrarla. Los aportes de cada bloque y los acuerdos alcanzados fueron razonables y se respetaron. Hoy la pol\u00edtica mostr\u00f3 su mejor cara y gracias a eso los argentinos tenemos nuestra nueva Ley de Bases. Lo mejor est\u00e1 por llegar\u201d,\u00a0<\/em>indic\u00f3.<\/p>\n\n\n\n<p>FUENTE: Elsol.com.ar <\/p>\n","protected":false},"excerpt":{"rendered":"<p>La\u00a0C\u00e1mara de Diputados\u00a0aprob\u00f3 en general la\u00a0ley Bases\u00a0impulsada por el oficialismo nacional, con 142 votos a favor, 106 en contra y 5 abstenciones y resta su aval en particular para que obtenga media sanci\u00f3n y sea remitida al Senado. Mendoza cuenta con diez diputados en el Congreso, los cuales votaron de manera dispar en la ma\u00f1ana [&hellip;]<\/p>\n","protected":false},"author":2,"featured_media":7181,"comment_status":"open","ping_status":"open","sticky":true,"template":"","format":"standard","meta":[],"categories":[47],"tags":[],"_links":{"self":[{"href":"https:\/\/pasaenmendoza.com\/index.php?rest_route=\/wp\/v2\/posts\/7180"}],"collection":[{"href":"https:\/\/pasaenmendoza.com\/index.php?rest_route=\/wp\/v2\/posts"}],"about":[{"href":"https:\/\/pasaenmendoza.com\/index.php?rest_route=\/wp\/v2\/types\/post"}],"author":[{"embeddable":true,"href":"https:\/\/pasaenmendoza.com\/index.php?rest_route=\/wp\/v2\/users\/2"}],"replies":[{"embeddable":true,"href":"https:\/\/pasaenmendoza.com\/index.php?rest_route=%2Fwp%2Fv2%2Fcomments&post=7180"}],"version-history":[{"count":1,"href":"https:\/\/pasaenmendoza.com\/index.php?rest_route=\/wp\/v2\/posts\/7180\/revisions"}],"predecessor-version":[{"id":7182,"href":"https:\/\/pasaenmendoza.com\/index.php?rest_route=\/wp\/v2\/posts\/7180\/revisions\/7182"}],"wp:featuredmedia":[{"embeddable":true,"href":"https:\/\/pasaenmendoza.com\/index.php?rest_route=\/wp\/v2\/media\/7181"}],"wp:attachment":[{"href":"https:\/\/pasaenmendoza.com\/index.php?rest_route=%2Fwp%2Fv2%2Fmedia&parent=7180"}],"wp:term":[{"taxonomy":"category","embeddable":true,"href":"https:\/\/pasaenmendoza.com\/index.php?rest_route=%2Fwp%2Fv2%2Fcategories&post=7180"},{"taxonomy":"post_tag","embeddable":true,"href":"https:\/\/pasaenmendoza.com\/index.php?rest_route=%2Fwp%2Fv2%2Ftags&post=7180"}],"curies":[{"name":"wp","href":"https:\/\/api.w.org\/{rel}","templated":true}]}}