{"id":7186,"date":"2024-04-30T16:13:51","date_gmt":"2024-04-30T14:13:51","guid":{"rendered":"https:\/\/pasaenmendoza.com\/?p=7186"},"modified":"2024-04-30T16:13:52","modified_gmt":"2024-04-30T14:13:52","slug":"la-rectora-de-la-uncuyo-no-participara-de-la-reunion-entre-las-universidades-nacionales-y-la-nacion","status":"publish","type":"post","link":"https:\/\/pasaenmendoza.com\/?p=7186","title":{"rendered":"La rectora de la UNCuyo no participar\u00e1 de la reuni\u00f3n entre las universidades nacionales y la Naci\u00f3n"},"content":{"rendered":"\n<p>Esther S\u00e1nchez esperar\u00e1 en Mendoza la resoluci\u00f3n del encuentro en el que autoridades de universidades nacionales presentar\u00e1n reclamos al Gobierno.<\/p>\n\n\n\n<p>Una semana despu\u00e9s de la\u00a0marcha multitudinaria en reclamo por el presupuesto de las\u00a0<strong>universidades\u00a0<\/strong>p\u00fablicas, los rectores de las principales universidades del pa\u00eds se reunir\u00e1n con autoridades del Gobierno nacional.<\/p>\n\n\n\n<p>En ese encuentro, que se espera sea presidido por la ministra de Capital Humano, Sandra Pettovello,&nbsp;<strong>no estar\u00e1 presente Esther S\u00e1nchez, rectora de la UNCuyo.<\/strong><\/p>\n\n\n\n<p>Seg\u00fan dijeron<strong>\u00a0<\/strong>desde la universidad, con el secretario de Educaci\u00f3n, Carlos Torrendell, y la ministra se reunir\u00e1 una especie de\u00a0<strong>&#8220;mesa chica&#8221;<\/strong>\u00a0en representaci\u00f3n de los rectores.<\/p>\n\n\n\n<p>De ella participar\u00edan el presidente y el vicepresidente del\u00a0<strong>Consejo Interuniversitario Nacional (CIN)<\/strong>, V\u00edctor Mori\u00f1igo (Universidad Nacional de San Luis) y Oscar Alpa (Universidad Nacional de La Pampa); y otros cuatro rectores: Ricardo Gelpi, de la UBA; Carlos Greco, de la Universidad Nacional de San Mart\u00edn; Alfredo Lazzeretti, de Mar del Plata; y Omar Larroza, de la Universidad Nacional del Nordeste.<\/p>\n\n\n\n<h2 class=\"wp-block-heading\">Rectores sin demasiadas esperanzas<\/h2>\n\n\n\n<p>Ya antes del encuentro del lunes entre la ministra Pettovello y el rector de la UBA, Ricardo Gelpi, en Mendoza estaban algo desesperanzados.<\/p>\n\n\n\n<p><strong>Para el Gobierno nacional, la discusi\u00f3n sobre el presupuesto universitario est\u00e1 cerrada<\/strong>&nbsp;y estas reuniones, la de ayer y la de hoy, no parecen ser m\u00e1s que buenos gestos.<\/p>\n\n\n\n<p>Pettovello lo termin\u00f3 de confirmar: &#8220;<strong>La marcha universitaria no cambi\u00f3 en nada<\/strong>&nbsp;la relaci\u00f3n ni el di\u00e1logo que ven\u00edamos teniendo con los rectores. Como ya manifestamos, un d\u00eda antes se hab\u00edan girado los fondos y aun as\u00ed se realiz\u00f3 la marcha pol\u00edtica opositora&#8221;, dijo tras verse con Gelpi.<\/p>\n\n\n\n<p>Esos fondos de los que habla son los que se enviaron para&nbsp;<strong>los gastos de funcionamiento para las universidades de marzo,&nbsp;<\/strong>que se incrementaron el 70%.<\/p>\n\n\n\n<p>Claro, en lo que insisten desde la UNCuyo y el resto de las universidades es que&nbsp;<strong>el discurso es tribunero<\/strong>: ese porcentaje se aplic\u00f3 a gastos que&nbsp;<strong>significan nada m\u00e1s que el 10% de los totales del presupuesto universitario<\/strong>, y del resto nada se dice. Por eso la marcha y por eso el encuentro de este martes, en el que se volver\u00e1 a reclamar lo necesario aunque&nbsp;<strong>cada vez con menos esperanzas de una respuesta satisfactoria<\/strong>.<\/p>\n\n\n\n<h2 class=\"wp-block-heading\">El papelito con los reclamos que llevan los rectores<\/h2>\n\n\n\n<p>M\u00e1s all\u00e1 de ese primer acercamiento de Gelpi con la ministra, el Consejo llevar\u00e1 este martes a las 12 al encuentro con ella y el secretario Torrendell&nbsp;<strong>la misma lista que se ley\u00f3 durante la marcha de la semana pasada<\/strong>.<\/p>\n\n\n\n<p>En la cita no estar\u00e1&nbsp;<strong>Alejandro \u00c1lvarez<\/strong>, secretario de Pol\u00edticas Universitarias que se gan\u00f3 el rechazo de los rectores en las \u00faltimas semanas.<\/p>\n\n\n\n<p>Los pedidos son concretos: que\u00a0<strong>la partida de gastos de funcionamiento<\/strong>\u00a0se actualice conforme a la inflaci\u00f3n acumulada, que se garantice<strong>\u00a0la continuidad de los programas estudiantiles,\u00a0<\/strong>especialmente las becas que hoy son una de las demandas m\u00e1s importantes de los estudiantes,\u00a0<strong>y que se transfieran fondos para hospitales universitarios<\/strong>.<\/p>\n\n\n\n<p>Pedir\u00e1n adem\u00e1s que se reactiven las obras del&nbsp;<strong>Programa Nacional de Infraestructura Universitaria<\/strong>, que en Mendoza est\u00e1n completamente paradas; y tambi\u00e9n se plantear\u00e1&nbsp;<strong>la cuesti\u00f3n salarial, que responde al otro 90% del presupuesto de las universidades<\/strong>.<\/p>\n\n\n\n<p>Mientras tanto,\u00a0<strong>las consecuencias del ajuste de gastos ya se ven en la UNCuyo<\/strong>, con menos luces encendidas, menos frecuencia en la limpieza de los edificios y la falta de definici\u00f3n sobre las m\u00e1s de 3.500 becas solicitadas por los alumnos.<\/p>\n\n\n\n<p>FUENTE: Diariouno.com.ar<\/p>\n","protected":false},"excerpt":{"rendered":"<p>Esther S\u00e1nchez esperar\u00e1 en Mendoza la resoluci\u00f3n del encuentro en el que autoridades de universidades nacionales presentar\u00e1n reclamos al Gobierno. Una semana despu\u00e9s de la\u00a0marcha multitudinaria en reclamo por el presupuesto de las\u00a0universidades\u00a0p\u00fablicas, los rectores de las principales universidades del pa\u00eds se reunir\u00e1n con autoridades del Gobierno nacional. En ese encuentro, que se espera sea [&hellip;]<\/p>\n","protected":false},"author":2,"featured_media":7187,"comment_status":"open","ping_status":"open","sticky":true,"template":"","format":"standard","meta":[],"categories":[47],"tags":[],"_links":{"self":[{"href":"https:\/\/pasaenmendoza.com\/index.php?rest_route=\/wp\/v2\/posts\/7186"}],"collection":[{"href":"https:\/\/pasaenmendoza.com\/index.php?rest_route=\/wp\/v2\/posts"}],"about":[{"href":"https:\/\/pasaenmendoza.com\/index.php?rest_route=\/wp\/v2\/types\/post"}],"author":[{"embeddable":true,"href":"https:\/\/pasaenmendoza.com\/index.php?rest_route=\/wp\/v2\/users\/2"}],"replies":[{"embeddable":true,"href":"https:\/\/pasaenmendoza.com\/index.php?rest_route=%2Fwp%2Fv2%2Fcomments&post=7186"}],"version-history":[{"count":1,"href":"https:\/\/pasaenmendoza.com\/index.php?rest_route=\/wp\/v2\/posts\/7186\/revisions"}],"predecessor-version":[{"id":7188,"href":"https:\/\/pasaenmendoza.com\/index.php?rest_route=\/wp\/v2\/posts\/7186\/revisions\/7188"}],"wp:featuredmedia":[{"embeddable":true,"href":"https:\/\/pasaenmendoza.com\/index.php?rest_route=\/wp\/v2\/media\/7187"}],"wp:attachment":[{"href":"https:\/\/pasaenmendoza.com\/index.php?rest_route=%2Fwp%2Fv2%2Fmedia&parent=7186"}],"wp:term":[{"taxonomy":"category","embeddable":true,"href":"https:\/\/pasaenmendoza.com\/index.php?rest_route=%2Fwp%2Fv2%2Fcategories&post=7186"},{"taxonomy":"post_tag","embeddable":true,"href":"https:\/\/pasaenmendoza.com\/index.php?rest_route=%2Fwp%2Fv2%2Ftags&post=7186"}],"curies":[{"name":"wp","href":"https:\/\/api.w.org\/{rel}","templated":true}]}}