{"id":7189,"date":"2024-04-30T22:49:57","date_gmt":"2024-04-30T20:49:57","guid":{"rendered":"https:\/\/pasaenmendoza.com\/?p=7189"},"modified":"2024-04-30T22:49:58","modified_gmt":"2024-04-30T20:49:58","slug":"melconian-desaconsejo-tomar-los-creditos-hipotecarios-uva-que-ofrecen-tres-bancos","status":"publish","type":"post","link":"https:\/\/pasaenmendoza.com\/?p=7189","title":{"rendered":"Melconian desaconsej\u00f3 tomar los cr\u00e9ditos hipotecarios UVA que ofrecen tres bancos"},"content":{"rendered":"\n<p><strong>El economista Carlos Melconian<\/strong>\u00a0dio una entrevista tras las chicanas que recibi\u00f3 por parte del presidente Javier Milei durante la cena de la Fundaci\u00f3n Libertad y\u00a0<strong>desaconsej\u00f3 tomar los\u00a0cr\u00e9ditos hipotercarios que anunciaron tres bancos distintos que en la \u00faltima semana.<\/strong><\/p>\n\n\n\n<p>Melconian dijo que&nbsp;<strong>&#8220;no hay ninguna chance de sostenerlos en esta inestabilidad&#8221;<\/strong>&nbsp;y record\u00f3 que cuando estuvo al frente del Banco Naci\u00f3n durante la gesti\u00f3n de Mauricio Macri: &#8220;A m\u00ed ya me toc\u00f3 decir que no de la mano del que era presidente del Banco Central y presionado por el presidente Macri, con semejante inflaci\u00f3n, le tuve que&nbsp;<strong>decir que no a cr\u00e9ditos hipotecarios basados en expectativas<\/strong>&#8220;.<\/p>\n\n\n\n<p>&#8220;Ac\u00e1 la esperanza, el desarrollo, el crecimiento pasan por otro lado, en explicitar el programa maestro, en mostrar qui\u00e9n lo va a hacer, en tener alineamiento, en cubrir las estructuras&#8221;, cerr\u00f3 al respecto, desincentivando la toma de cr\u00e9ditos debido a las altas expectativas positivas del mercado en el Gobierno, pero que a\u00fan no pueden confirmarse.<\/p>\n\n\n\n<p>El economista Carlos Melconian en di\u00e1logo con Radio Rivadavia tambi\u00e9n fue consultado sobre si la nueva gesti\u00f3n va por buen camino: &#8220;<strong>Ha habido alg\u00fan avance&#8221;, sin embargo se mostr\u00f3 cr\u00edtico con el plan de ajuste: &#8220;Hay que usar m\u00e1s bistur\u00ed y menos motosierra, porque caen justos por pecadores en la motosierra&#8221;.<\/strong><\/p>\n\n\n\n<p>&#8220;En alg\u00fan momento hay que dejar la emergencia econ\u00f3mica, pero el pa\u00eds y sus precios relativos, es decir, cu\u00e1nto han aumentado en los cinco \u00faltimos a\u00f1os los servicios regulados, los salarios, los precios libres, es totalmente desigual. Entonces, cuando uno tiene eso en forma totalmente desigual y no hay ning\u00fan plan de estabilidad a la vista, por lo pronto hay que seguir acomodando los melones en la caja del cami\u00f3n&#8221;.<\/p>\n\n\n\n<p>Tras el anuncio del Presidente del super\u00e1vit fiscal en los primeros meses de gesti\u00f3n, el economista tambi\u00e9n pidi\u00f3 analizar estos resultados que Milei presenta como &#8220;exitosos&#8221; en m\u00e1s detalle.<\/p>\n\n\n\n<p>&#8220;Si subieron las reservas, tenemos que ver por qu\u00e9, si mejoraron los bonos, \u00bfpor qu\u00e9?, si baja la tasa de inter\u00e9s, \u00bfpor qu\u00e9?, si hubo super\u00e1vit del fisco, \u00bfpor qu\u00e9? Hay que mirar la sustentabilidad de eso&#8221;, marc\u00f3.<\/p>\n\n\n\n<p><strong>Fuente: www.diariouno.com.ar<\/strong><\/p>\n","protected":false},"excerpt":{"rendered":"<p>El economista Carlos Melconian\u00a0dio una entrevista tras las chicanas que recibi\u00f3 por parte del presidente Javier Milei durante la cena de la Fundaci\u00f3n Libertad y\u00a0desaconsej\u00f3 tomar los\u00a0cr\u00e9ditos hipotercarios que anunciaron tres bancos distintos que en la \u00faltima semana. Melconian dijo que&nbsp;&#8220;no hay ninguna chance de sostenerlos en esta inestabilidad&#8221;&nbsp;y record\u00f3 que cuando estuvo al frente [&hellip;]<\/p>\n","protected":false},"author":2,"featured_media":7190,"comment_status":"open","ping_status":"open","sticky":false,"template":"","format":"standard","meta":[],"categories":[75],"tags":[],"_links":{"self":[{"href":"https:\/\/pasaenmendoza.com\/index.php?rest_route=\/wp\/v2\/posts\/7189"}],"collection":[{"href":"https:\/\/pasaenmendoza.com\/index.php?rest_route=\/wp\/v2\/posts"}],"about":[{"href":"https:\/\/pasaenmendoza.com\/index.php?rest_route=\/wp\/v2\/types\/post"}],"author":[{"embeddable":true,"href":"https:\/\/pasaenmendoza.com\/index.php?rest_route=\/wp\/v2\/users\/2"}],"replies":[{"embeddable":true,"href":"https:\/\/pasaenmendoza.com\/index.php?rest_route=%2Fwp%2Fv2%2Fcomments&post=7189"}],"version-history":[{"count":1,"href":"https:\/\/pasaenmendoza.com\/index.php?rest_route=\/wp\/v2\/posts\/7189\/revisions"}],"predecessor-version":[{"id":7191,"href":"https:\/\/pasaenmendoza.com\/index.php?rest_route=\/wp\/v2\/posts\/7189\/revisions\/7191"}],"wp:featuredmedia":[{"embeddable":true,"href":"https:\/\/pasaenmendoza.com\/index.php?rest_route=\/wp\/v2\/media\/7190"}],"wp:attachment":[{"href":"https:\/\/pasaenmendoza.com\/index.php?rest_route=%2Fwp%2Fv2%2Fmedia&parent=7189"}],"wp:term":[{"taxonomy":"category","embeddable":true,"href":"https:\/\/pasaenmendoza.com\/index.php?rest_route=%2Fwp%2Fv2%2Fcategories&post=7189"},{"taxonomy":"post_tag","embeddable":true,"href":"https:\/\/pasaenmendoza.com\/index.php?rest_route=%2Fwp%2Fv2%2Ftags&post=7189"}],"curies":[{"name":"wp","href":"https:\/\/api.w.org\/{rel}","templated":true}]}}